{"id":55374,"date":"2025-09-17T11:35:36","date_gmt":"2025-09-17T08:35:36","guid":{"rendered":"https:\/\/www.egemtv.com\/?p=55374"},"modified":"2025-09-17T11:35:37","modified_gmt":"2025-09-17T08:35:37","slug":"izmirde-deas-operasyonu-2-gozalti","status":"publish","type":"post","link":"https:\/\/www.egemtv.com\/?p=55374","title":{"rendered":"\u0130zmir\u2019de DEA\u015e operasyonu: 2 g\u00f6zalt\u0131"},"content":{"rendered":"<p>\u0130zmir\u2019de sosyal medya \u00fczerinden DEA\u015e silahl\u0131 ter\u00f6r \u00f6rg\u00fct\u00fc propagandas\u0131 yapt\u0131klar\u0131 tespit edilen 2 \u015f\u00fcpheli yakaland\u0131.<br \/>\n<br \/>\u0130zmir Cumhuriyet Ba\u015fsavc\u0131l\u0131\u011f\u0131 taraf\u0131ndan y\u00fcr\u00fct\u00fclen soru\u015fturma kapsam\u0131nda, sosyal medya \u00fczerinden ter\u00f6r \u00f6rg\u00fct\u00fc DEA\u015e lehine propaganda yapt\u0131\u011f\u0131 belirlenen 2 ki\u015fi tespit edildi. \u0130l Jandarma Komutanl\u0131\u011f\u0131 Ter\u00f6rle M\u00fccadele (TEM) \u015eube M\u00fcd\u00fcrl\u00fc\u011f\u00fc ekiplerince Menemen ve Bornova il\u00e7elerinde d\u00fczenlenen e\u015f zamanl\u0131 operasyonlarda, adreslerde bulunan 2 adet yasakl\u0131 yay\u0131na el konulurken A.B. ve Y.B. isimli \u015f\u00fcpheliler de g\u00f6zalt\u0131na al\u0131nd\u0131.<br \/>\n<br \/>\u015e\u00fcpheli \u015fah\u0131slar hakk\u0131nda adli i\u015flem ba\u015flat\u0131ld\u0131\u011f\u0131 \u00f6\u011frenildi.<br \/><\/p>\n","protected":false},"excerpt":{"rendered":"<p>\u0130zmir\u2019de sosyal medya \u00fczerinden DEA\u015e silahl\u0131 ter\u00f6r \u00f6rg\u00fct\u00fc propagandas\u0131 yapt\u0131klar\u0131 tespit edilen 2 \u015f\u00fcpheli yakaland\u0131. \u0130zmir Cumhuriyet Ba\u015fsavc\u0131l\u0131\u011f\u0131 taraf\u0131ndan y\u00fcr\u00fct\u00fclen soru\u015fturma kapsam\u0131nda, sosyal medya \u00fczerinden ter\u00f6r \u00f6rg\u00fct\u00fc DEA\u015e lehine propaganda yapt\u0131\u011f\u0131 belirlenen 2 ki\u015fi tespit edildi. \u0130l Jandarma Komutanl\u0131\u011f\u0131 Ter\u00f6rle M\u00fccadele (TEM) \u015eube M\u00fcd\u00fcrl\u00fc\u011f\u00fc ekiplerince Menemen ve Bornova il\u00e7elerinde d\u00fczenlenen e\u015f zamanl\u0131 operasyonlarda, adreslerde bulunan&#8230;<\/p>\n","protected":false},"author":1,"featured_media":55375,"comment_status":"open","ping_status":"open","sticky":false,"template":"","format":"standard","meta":{"_crdt_document":"","footnotes":""},"categories":[5],"tags":[],"class_list":["post-55374","post","type-post","status-publish","format-standard","has-post-thumbnail","hentry","category-asayis"],"_links":{"self":[{"href":"https:\/\/www.egemtv.com\/index.php?rest_route=\/wp\/v2\/posts\/55374","targetHints":{"allow":["GET"]}}],"collection":[{"href":"https:\/\/www.egemtv.com\/index.php?rest_route=\/wp\/v2\/posts"}],"about":[{"href":"https:\/\/www.egemtv.com\/index.php?rest_route=\/wp\/v2\/types\/post"}],"author":[{"embeddable":true,"href":"https:\/\/www.egemtv.com\/index.php?rest_route=\/wp\/v2\/users\/1"}],"replies":[{"embeddable":true,"href":"https:\/\/www.egemtv.com\/index.php?rest_route=%2Fwp%2Fv2%2Fcomments&post=55374"}],"version-history":[{"count":1,"href":"https:\/\/www.egemtv.com\/index.php?rest_route=\/wp\/v2\/posts\/55374\/revisions"}],"predecessor-version":[{"id":55376,"href":"https:\/\/www.egemtv.com\/index.php?rest_route=\/wp\/v2\/posts\/55374\/revisions\/55376"}],"wp:featuredmedia":[{"embeddable":true,"href":"https:\/\/www.egemtv.com\/index.php?rest_route=\/wp\/v2\/media\/55375"}],"wp:attachment":[{"href":"https:\/\/www.egemtv.com\/index.php?rest_route=%2Fwp%2Fv2%2Fmedia&parent=55374"}],"wp:term":[{"taxonomy":"category","embeddable":true,"href":"https:\/\/www.egemtv.com\/index.php?rest_route=%2Fwp%2Fv2%2Fcategories&post=55374"},{"taxonomy":"post_tag","embeddable":true,"href":"https:\/\/www.egemtv.com\/index.php?rest_route=%2Fwp%2Fv2%2Ftags&post=55374"}],"curies":[{"name":"wp","href":"https:\/\/api.w.org\/{rel}","templated":true}]}}