{"id":55371,"date":"2025-09-17T11:35:35","date_gmt":"2025-09-17T08:35:35","guid":{"rendered":"https:\/\/www.egemtv.com\/?p=55371"},"modified":"2025-09-17T11:35:36","modified_gmt":"2025-09-17T08:35:36","slug":"manisada-ahsap-palet-fabrikasinda-yangin","status":"publish","type":"post","link":"https:\/\/www.egemtv.com\/?p=55371","title":{"rendered":"Manisa\u2019da ah\u015fap palet fabrikas\u0131nda yang\u0131n"},"content":{"rendered":"<p>Manisa\u2019n\u0131n Yunusemre il\u00e7esinde faaliyet g\u00f6steren ah\u015fap palet fabrikas\u0131nda \u00e7\u0131kan yang\u0131na Manisa B\u00fcy\u00fck\u015fehir Belediyesi \u0130tfaiye Dairesi Ba\u015fkanl\u0131\u011f\u0131\u2019na ba\u011fl\u0131 \u00e7ok say\u0131da ekiple m\u00fcdahale ediliyor.<br \/>\n<br \/>Yang\u0131n Manisa\u2019n\u0131n Yunusemre il\u00e7esi eski Muradiye Mahallesi yolunda faaliyet g\u00f6steren ah\u015fap palet fabrikas\u0131nda \u00e7\u0131kt\u0131. Paletlerin depoland\u0131\u011f\u0131 alanda alevlerin y\u00fckselmesiyle beraber ilk m\u00fcdahaleyi yapan \u00e7al\u0131\u015fanlar durumu Manisa B\u00fcy\u00fck\u015fehir Belediyesi \u0130tfaiye Dairesi Ba\u015fkanl\u0131\u011f\u0131\u2019na ba\u011fl\u0131 ekiplere haber verdi. K\u0131sa s\u00fcrede olay yerine gelen ekipler yang\u0131na m\u00fcdahale etmeye ba\u015flad\u0131. Yang\u0131n\u0131n \u00e7evredeki zeytinliklere s\u0131\u00e7ramamas\u0131 i\u00e7in b\u00fcy\u00fck \u00e7aba harcayan ekipler, yang\u0131n\u0131 s\u00f6nd\u00fcrme \u00e7al\u0131\u015fmalar\u0131n\u0131 s\u00fcrd\u00fcr\u00fcyor.<br \/><\/p>\n","protected":false},"excerpt":{"rendered":"<p>Manisa\u2019n\u0131n Yunusemre il\u00e7esinde faaliyet g\u00f6steren ah\u015fap palet fabrikas\u0131nda \u00e7\u0131kan yang\u0131na Manisa B\u00fcy\u00fck\u015fehir Belediyesi \u0130tfaiye Dairesi Ba\u015fkanl\u0131\u011f\u0131\u2019na ba\u011fl\u0131 \u00e7ok say\u0131da ekiple m\u00fcdahale ediliyor. Yang\u0131n Manisa\u2019n\u0131n Yunusemre il\u00e7esi eski Muradiye Mahallesi yolunda faaliyet g\u00f6steren ah\u015fap palet fabrikas\u0131nda \u00e7\u0131kt\u0131. Paletlerin depoland\u0131\u011f\u0131 alanda alevlerin y\u00fckselmesiyle beraber ilk m\u00fcdahaleyi yapan \u00e7al\u0131\u015fanlar durumu Manisa B\u00fcy\u00fck\u015fehir Belediyesi \u0130tfaiye Dairesi Ba\u015fkanl\u0131\u011f\u0131\u2019na ba\u011fl\u0131 ekiplere&#8230;<\/p>\n","protected":false},"author":1,"featured_media":55372,"comment_status":"open","ping_status":"open","sticky":false,"template":"","format":"standard","meta":{"_crdt_document":"","footnotes":""},"categories":[5],"tags":[],"class_list":["post-55371","post","type-post","status-publish","format-standard","has-post-thumbnail","hentry","category-asayis"],"_links":{"self":[{"href":"https:\/\/www.egemtv.com\/index.php?rest_route=\/wp\/v2\/posts\/55371","targetHints":{"allow":["GET"]}}],"collection":[{"href":"https:\/\/www.egemtv.com\/index.php?rest_route=\/wp\/v2\/posts"}],"about":[{"href":"https:\/\/www.egemtv.com\/index.php?rest_route=\/wp\/v2\/types\/post"}],"author":[{"embeddable":true,"href":"https:\/\/www.egemtv.com\/index.php?rest_route=\/wp\/v2\/users\/1"}],"replies":[{"embeddable":true,"href":"https:\/\/www.egemtv.com\/index.php?rest_route=%2Fwp%2Fv2%2Fcomments&post=55371"}],"version-history":[{"count":1,"href":"https:\/\/www.egemtv.com\/index.php?rest_route=\/wp\/v2\/posts\/55371\/revisions"}],"predecessor-version":[{"id":55373,"href":"https:\/\/www.egemtv.com\/index.php?rest_route=\/wp\/v2\/posts\/55371\/revisions\/55373"}],"wp:featuredmedia":[{"embeddable":true,"href":"https:\/\/www.egemtv.com\/index.php?rest_route=\/wp\/v2\/media\/55372"}],"wp:attachment":[{"href":"https:\/\/www.egemtv.com\/index.php?rest_route=%2Fwp%2Fv2%2Fmedia&parent=55371"}],"wp:term":[{"taxonomy":"category","embeddable":true,"href":"https:\/\/www.egemtv.com\/index.php?rest_route=%2Fwp%2Fv2%2Fcategories&post=55371"},{"taxonomy":"post_tag","embeddable":true,"href":"https:\/\/www.egemtv.com\/index.php?rest_route=%2Fwp%2Fv2%2Ftags&post=55371"}],"curies":[{"name":"wp","href":"https:\/\/api.w.org\/{rel}","templated":true}]}}