{"id":55368,"date":"2025-09-17T11:35:34","date_gmt":"2025-09-17T08:35:34","guid":{"rendered":"https:\/\/www.egemtv.com\/?p=55368"},"modified":"2025-09-17T11:35:35","modified_gmt":"2025-09-17T08:35:35","slug":"kutahya-belediyesinden-isa-kahraman-saygi-ve-siir-aksami-etkinligi","status":"publish","type":"post","link":"https:\/\/www.egemtv.com\/?p=55368","title":{"rendered":"K\u00fctahya Belediyesi\u2019nden \u2019\u0130sa Kahraman Sayg\u0131 ve \u015eiir Ak\u015fam\u0131\u2019 etkinli\u011fi"},"content":{"rendered":"<p>K\u00fctahya Belediyesi taraf\u0131ndan d\u00fczenlenen &#8220;\u015eair ve Yazar \u0130sa Kahraman Sayg\u0131 Gecesi&#8221; ile &#8220;Ate\u015fte A\u00e7an \u015eiirler 4 Konseri&#8221;, sanatseverlerin yo\u011fun ilgisiyle ger\u00e7ekle\u015ftirildi.<br \/>\n<br \/>Belediye Konferans Salonu\u2019nda yap\u0131lan etkinli\u011fe; K\u00fctahya Belediye Ba\u015fkan Yard\u0131mc\u0131lar\u0131 Ha\u015fim Ertekin ve Kemalettin Ekici, K\u00fctahya Dumlup\u0131nar \u00dcniversitesi Rekt\u00f6r\u00fc Prof. Dr. S\u00fcleyman K\u0131z\u0131ltoprak, Kent Konseyi Ba\u015fkan\u0131 B\u00fclent Cebeci ile \u00e7ok say\u0131da sanatsever ve edebiyat tutkunu kat\u0131ld\u0131.<br \/>\n<br \/>Program, sayg\u0131 duru\u015fu ve \u0130stiklal Mar\u015f\u0131 ile ba\u015flad\u0131. Ard\u0131ndan K\u00fctahyal\u0131 \u015fair ve yazar \u0130sa Kahraman\u2019\u0131n edebi ki\u015fili\u011fini ve eserlerini anlatan sunum ger\u00e7ekle\u015ftirildi. Etkinlikte ayr\u0131ca Kahraman\u2019\u0131n hayat\u0131ndan kesitler payla\u015f\u0131ld\u0131, sahne alan sanat\u00e7\u0131lar ise duygu dolu \u015fiirleriyle geceye renk katt\u0131.<br \/>\n<br \/>Program\u0131n sonunda, K\u00fctahya Belediye Ba\u015fkan\u0131 Ey\u00fcp Kahveci, \u0130sa Kahraman\u2019a ve \u015fiir ak\u015fam\u0131na katk\u0131da bulunan sanat\u00e7\u0131lara te\u015fekk\u00fcr belgelerini takdim etti.<br \/><\/p>\n","protected":false},"excerpt":{"rendered":"<p>K\u00fctahya Belediyesi taraf\u0131ndan d\u00fczenlenen &#8220;\u015eair ve Yazar \u0130sa Kahraman Sayg\u0131 Gecesi&#8221; ile &#8220;Ate\u015fte A\u00e7an \u015eiirler 4 Konseri&#8221;, sanatseverlerin yo\u011fun ilgisiyle ger\u00e7ekle\u015ftirildi. Belediye Konferans Salonu\u2019nda yap\u0131lan etkinli\u011fe; K\u00fctahya Belediye Ba\u015fkan Yard\u0131mc\u0131lar\u0131 Ha\u015fim Ertekin ve Kemalettin Ekici, K\u00fctahya Dumlup\u0131nar \u00dcniversitesi Rekt\u00f6r\u00fc Prof. Dr. S\u00fcleyman K\u0131z\u0131ltoprak, Kent Konseyi Ba\u015fkan\u0131 B\u00fclent Cebeci ile \u00e7ok say\u0131da sanatsever ve edebiyat tutkunu&#8230;<\/p>\n","protected":false},"author":1,"featured_media":55369,"comment_status":"open","ping_status":"open","sticky":false,"template":"","format":"standard","meta":{"_crdt_document":"","footnotes":""},"categories":[1],"tags":[],"class_list":["post-55368","post","type-post","status-publish","format-standard","has-post-thumbnail","hentry","category-guncel"],"_links":{"self":[{"href":"https:\/\/www.egemtv.com\/index.php?rest_route=\/wp\/v2\/posts\/55368","targetHints":{"allow":["GET"]}}],"collection":[{"href":"https:\/\/www.egemtv.com\/index.php?rest_route=\/wp\/v2\/posts"}],"about":[{"href":"https:\/\/www.egemtv.com\/index.php?rest_route=\/wp\/v2\/types\/post"}],"author":[{"embeddable":true,"href":"https:\/\/www.egemtv.com\/index.php?rest_route=\/wp\/v2\/users\/1"}],"replies":[{"embeddable":true,"href":"https:\/\/www.egemtv.com\/index.php?rest_route=%2Fwp%2Fv2%2Fcomments&post=55368"}],"version-history":[{"count":1,"href":"https:\/\/www.egemtv.com\/index.php?rest_route=\/wp\/v2\/posts\/55368\/revisions"}],"predecessor-version":[{"id":55370,"href":"https:\/\/www.egemtv.com\/index.php?rest_route=\/wp\/v2\/posts\/55368\/revisions\/55370"}],"wp:featuredmedia":[{"embeddable":true,"href":"https:\/\/www.egemtv.com\/index.php?rest_route=\/wp\/v2\/media\/55369"}],"wp:attachment":[{"href":"https:\/\/www.egemtv.com\/index.php?rest_route=%2Fwp%2Fv2%2Fmedia&parent=55368"}],"wp:term":[{"taxonomy":"category","embeddable":true,"href":"https:\/\/www.egemtv.com\/index.php?rest_route=%2Fwp%2Fv2%2Fcategories&post=55368"},{"taxonomy":"post_tag","embeddable":true,"href":"https:\/\/www.egemtv.com\/index.php?rest_route=%2Fwp%2Fv2%2Ftags&post=55368"}],"curies":[{"name":"wp","href":"https:\/\/api.w.org\/{rel}","templated":true}]}}