{"id":55365,"date":"2025-09-17T11:15:32","date_gmt":"2025-09-17T08:15:32","guid":{"rendered":"https:\/\/www.egemtv.com\/?p=55365"},"modified":"2025-09-17T11:15:33","modified_gmt":"2025-09-17T08:15:33","slug":"hisarcikta-peygamberimiz-ve-aile-ahlaki-konulu-konferans","status":"publish","type":"post","link":"https:\/\/www.egemtv.com\/?p=55365","title":{"rendered":"Hisarc\u0131k\u2019ta  &#8220;Peygamberimiz ve aile ahlak\u0131&#8221; konulu konferans"},"content":{"rendered":"<p>K\u00fctahya\u2019n\u0131n Hisarc\u0131k il\u00e7esinde Mevlid-i Nebi Haftas\u0131 m\u00fcnasebetiyle &#8220;Peygamberimiz ve Aile Ahlak\u0131&#8221; konulu konferans ger\u00e7ekle\u015ftirdi.<br \/>\n<br \/>\u0130mam Hatip Lisesi Konferans Salonunda d\u00fczenlenen program sayg\u0131 duru\u015fu ve \u0130stiklal Mar\u015f\u0131n\u0131n okunmas\u0131yla ba\u015flad\u0131. Yenido\u011fan Mahallesi M\u00fcezzini Hasan Ali Y\u0131lmaz\u2019\u0131n Kur\u2019an tilavetinin ard\u0131ndan k\u0131sa bir konu\u015fma yapan \u0130l\u00e7e M\u00fcft\u00fcs\u00fc H\u00fcseyin Demirci,&#8221; Kadir Mevla\u2019m Sevgili Peygamberimizi (s.a) in\u015fallah hakk\u0131yla anlayan, hakk\u0131yla ya\u015fayan, hakk\u0131yla anlatan kullardan olmam\u0131z\u0131 c\u00fcmlemize nasip ve m\u00fcyesser eylesin&#8221; dedi. Daha sonra \u0130l\u00e7e M\u00fcft\u00fcl\u00fc\u011f\u00fc korosunca ilahiler okundu.<br \/>\n<br \/>Programa konu\u015fmac\u0131 olarak kat\u0131lan K\u00fctahya \u0130l M\u00fcft\u00fcs\u00fc \u0130rfan A\u00e7\u0131k, &#8220;\u015eu anda ya\u015fanan zorluklara ve s\u0131k\u0131nt\u0131lara bak\u0131ld\u0131\u011f\u0131nda, Peygamber Efendimizin kutlu olan s\u00fcnnetinden, ilkelerinden ne kadar \u00e7ok uzakla\u015ft\u0131\u011f\u0131m\u0131z\u0131n resmini g\u00f6r\u00fcyoruz. Bizim \u00fcz\u00fclmemiz, s\u0131k\u0131nt\u0131ya girmemiz, zorda kalmam\u0131z Peygamberimizi hayli \u00fczer. O bizim i\u00e7in rahmettir, ma\u011ffirettir, kandildir, \u0131\u015f\u0131kt\u0131r, nurdur, y\u0131ld\u0131zlar\u0131n ba\u015f\u0131d\u0131r&#8221; dedi<br \/>\n<br \/>Namaz\u0131n \u00f6nemine de\u011finen M\u00fcft\u00fc A\u00e7\u0131k,&#8221; Namazla zorluklar, s\u0131k\u0131nt\u0131lar a\u015f\u0131lacak. Namazla kazanaca\u011f\u0131z. Namaz bizi k\u00f6t\u00fcl\u00fcklerden, kul ve kamu hakk\u0131ndan h\u0131rs\u0131zl\u0131ktan, ars\u0131zl\u0131ktan koruyacakt\u0131r&#8221; dedi.<\/p>\n<p>&#8220;Anne ve babalar\u0131n\u0131z\u0131 l\u00fctfen sevin&#8221;<br \/>\n<br \/>Konu\u015fmas\u0131nda \u00e7ocuklara da seslenen A\u00e7\u0131k,&#8221; Hatalar\u0131 da, yanl\u0131\u015flar\u0131 da olsa babalar\u0131n\u0131z\u0131, annelerinizi l\u00fctfen sevin \u00e7ocuklar. Onlar sizin ba\u015f tac\u0131n\u0131zd\u0131r. Sizin gibi olmayabilirler, sizin gibi g\u00fcng\u00f6rm\u00fc\u015f olmayabilirler, eksikleri olabilir. Ama onlar babalar\u0131n\u0131z, onlar anneleriniz. \u015eunu \u00e7ok net s\u00f6yleyelim bizim ailelerimiz, annemiz, babam\u0131z, \u00e7ocuklar, dedelerimiz, ninelerimiz bizim evimiz, cennet bostan\u0131, cennet bah\u00e7esi. Onlara d\u00fcnyada en \u00e7ok hizmet ve h\u00fcrmet edece\u011fimiz insanlar olarak bakaca\u011f\u0131z&#8221; diye konu\u015ftu.<br \/><\/p>\n","protected":false},"excerpt":{"rendered":"<p>K\u00fctahya\u2019n\u0131n Hisarc\u0131k il\u00e7esinde Mevlid-i Nebi Haftas\u0131 m\u00fcnasebetiyle &#8220;Peygamberimiz ve Aile Ahlak\u0131&#8221; konulu konferans ger\u00e7ekle\u015ftirdi. \u0130mam Hatip Lisesi Konferans Salonunda d\u00fczenlenen program sayg\u0131 duru\u015fu ve \u0130stiklal Mar\u015f\u0131n\u0131n okunmas\u0131yla ba\u015flad\u0131. Yenido\u011fan Mahallesi M\u00fcezzini Hasan Ali Y\u0131lmaz\u2019\u0131n Kur\u2019an tilavetinin ard\u0131ndan k\u0131sa bir konu\u015fma yapan \u0130l\u00e7e M\u00fcft\u00fcs\u00fc H\u00fcseyin Demirci,&#8221; Kadir Mevla\u2019m Sevgili Peygamberimizi (s.a) in\u015fallah hakk\u0131yla anlayan, hakk\u0131yla ya\u015fayan,&#8230;<\/p>\n","protected":false},"author":1,"featured_media":55366,"comment_status":"open","ping_status":"open","sticky":false,"template":"","format":"standard","meta":{"_crdt_document":"","footnotes":""},"categories":[123],"tags":[],"class_list":["post-55365","post","type-post","status-publish","format-standard","has-post-thumbnail","hentry","category-gundem"],"_links":{"self":[{"href":"https:\/\/www.egemtv.com\/index.php?rest_route=\/wp\/v2\/posts\/55365","targetHints":{"allow":["GET"]}}],"collection":[{"href":"https:\/\/www.egemtv.com\/index.php?rest_route=\/wp\/v2\/posts"}],"about":[{"href":"https:\/\/www.egemtv.com\/index.php?rest_route=\/wp\/v2\/types\/post"}],"author":[{"embeddable":true,"href":"https:\/\/www.egemtv.com\/index.php?rest_route=\/wp\/v2\/users\/1"}],"replies":[{"embeddable":true,"href":"https:\/\/www.egemtv.com\/index.php?rest_route=%2Fwp%2Fv2%2Fcomments&post=55365"}],"version-history":[{"count":1,"href":"https:\/\/www.egemtv.com\/index.php?rest_route=\/wp\/v2\/posts\/55365\/revisions"}],"predecessor-version":[{"id":55367,"href":"https:\/\/www.egemtv.com\/index.php?rest_route=\/wp\/v2\/posts\/55365\/revisions\/55367"}],"wp:featuredmedia":[{"embeddable":true,"href":"https:\/\/www.egemtv.com\/index.php?rest_route=\/wp\/v2\/media\/55366"}],"wp:attachment":[{"href":"https:\/\/www.egemtv.com\/index.php?rest_route=%2Fwp%2Fv2%2Fmedia&parent=55365"}],"wp:term":[{"taxonomy":"category","embeddable":true,"href":"https:\/\/www.egemtv.com\/index.php?rest_route=%2Fwp%2Fv2%2Fcategories&post=55365"},{"taxonomy":"post_tag","embeddable":true,"href":"https:\/\/www.egemtv.com\/index.php?rest_route=%2Fwp%2Fv2%2Ftags&post=55365"}],"curies":[{"name":"wp","href":"https:\/\/api.w.org\/{rel}","templated":true}]}}