{"id":55362,"date":"2025-09-17T11:15:30","date_gmt":"2025-09-17T08:15:30","guid":{"rendered":"https:\/\/www.egemtv.com\/?p=55362"},"modified":"2025-09-17T11:15:32","modified_gmt":"2025-09-17T08:15:32","slug":"is-makinasina-carpan-minibus-soforu-yaralandi","status":"publish","type":"post","link":"https:\/\/www.egemtv.com\/?p=55362","title":{"rendered":"\u0130\u015f makinas\u0131na \u00e7arpan minib\u00fcs \u015fof\u00f6r\u00fc yaraland\u0131"},"content":{"rendered":"<p>Afyonkarahisar\u2019da meydana gelen trafik kazas\u0131nda i\u015f makinesi ile \u00e7arp\u0131\u015fan minib\u00fcs\u00fcn s\u00fcr\u00fcc\u00fcs\u00fc a\u011f\u0131r yaraland\u0131.<br \/>\n<br \/>Kaza, merkeze ba\u011fl\u0131 I\u015f\u0131klar beldesi yak\u0131nlar\u0131nda meydana geldi. Edinilen bilgilere g\u00f6re, C.Y., y\u00f6netimindeki 03 UP 874 plakal\u0131 hafif ticari ara\u00e7 hen\u00fcz belirlenemeyen bir sebepten \u00f6t\u00fcr\u00fc A.G.\u2019nin kulland\u0131\u011f\u0131 i\u015f makinesine \u00e7arpt\u0131. Kazada minib\u00fcs s\u00fcr\u00fcc\u00fcs\u00fc yaraland\u0131. Kazan\u0131n ard\u0131ndan \u00e7evredekilerin haber vermesi ile b\u00f6lgeye gelen sa\u011fl\u0131k ekipleri taraf\u0131ndan C.Y., ambulansla hastaneye kald\u0131r\u0131ld\u0131.<br \/>\n<br \/>Kazanlardan jandarma taraf\u0131ndan inceleme ba\u015flat\u0131ld\u0131.<br \/><\/p>\n","protected":false},"excerpt":{"rendered":"<p>Afyonkarahisar\u2019da meydana gelen trafik kazas\u0131nda i\u015f makinesi ile \u00e7arp\u0131\u015fan minib\u00fcs\u00fcn s\u00fcr\u00fcc\u00fcs\u00fc a\u011f\u0131r yaraland\u0131. Kaza, merkeze ba\u011fl\u0131 I\u015f\u0131klar beldesi yak\u0131nlar\u0131nda meydana geldi. Edinilen bilgilere g\u00f6re, C.Y., y\u00f6netimindeki 03 UP 874 plakal\u0131 hafif ticari ara\u00e7 hen\u00fcz belirlenemeyen bir sebepten \u00f6t\u00fcr\u00fc A.G.\u2019nin kulland\u0131\u011f\u0131 i\u015f makinesine \u00e7arpt\u0131. Kazada minib\u00fcs s\u00fcr\u00fcc\u00fcs\u00fc yaraland\u0131. Kazan\u0131n ard\u0131ndan \u00e7evredekilerin haber vermesi ile b\u00f6lgeye gelen&#8230;<\/p>\n","protected":false},"author":1,"featured_media":55363,"comment_status":"open","ping_status":"open","sticky":false,"template":"","format":"standard","meta":{"_crdt_document":"","footnotes":""},"categories":[5],"tags":[],"class_list":["post-55362","post","type-post","status-publish","format-standard","has-post-thumbnail","hentry","category-asayis"],"_links":{"self":[{"href":"https:\/\/www.egemtv.com\/index.php?rest_route=\/wp\/v2\/posts\/55362","targetHints":{"allow":["GET"]}}],"collection":[{"href":"https:\/\/www.egemtv.com\/index.php?rest_route=\/wp\/v2\/posts"}],"about":[{"href":"https:\/\/www.egemtv.com\/index.php?rest_route=\/wp\/v2\/types\/post"}],"author":[{"embeddable":true,"href":"https:\/\/www.egemtv.com\/index.php?rest_route=\/wp\/v2\/users\/1"}],"replies":[{"embeddable":true,"href":"https:\/\/www.egemtv.com\/index.php?rest_route=%2Fwp%2Fv2%2Fcomments&post=55362"}],"version-history":[{"count":1,"href":"https:\/\/www.egemtv.com\/index.php?rest_route=\/wp\/v2\/posts\/55362\/revisions"}],"predecessor-version":[{"id":55364,"href":"https:\/\/www.egemtv.com\/index.php?rest_route=\/wp\/v2\/posts\/55362\/revisions\/55364"}],"wp:featuredmedia":[{"embeddable":true,"href":"https:\/\/www.egemtv.com\/index.php?rest_route=\/wp\/v2\/media\/55363"}],"wp:attachment":[{"href":"https:\/\/www.egemtv.com\/index.php?rest_route=%2Fwp%2Fv2%2Fmedia&parent=55362"}],"wp:term":[{"taxonomy":"category","embeddable":true,"href":"https:\/\/www.egemtv.com\/index.php?rest_route=%2Fwp%2Fv2%2Fcategories&post=55362"},{"taxonomy":"post_tag","embeddable":true,"href":"https:\/\/www.egemtv.com\/index.php?rest_route=%2Fwp%2Fv2%2Ftags&post=55362"}],"curies":[{"name":"wp","href":"https:\/\/api.w.org\/{rel}","templated":true}]}}