{"id":55359,"date":"2025-09-17T10:54:50","date_gmt":"2025-09-17T07:54:50","guid":{"rendered":"https:\/\/www.egemtv.com\/?p=55359"},"modified":"2025-09-17T10:54:52","modified_gmt":"2025-09-17T07:54:52","slug":"koycegiz-otmanlar-yangini-devam-ediyor","status":"publish","type":"post","link":"https:\/\/www.egemtv.com\/?p=55359","title":{"rendered":"K\u00f6yce\u011fiz Otmanlar yang\u0131n\u0131 devam ediyor"},"content":{"rendered":"<p>Mu\u011fla\u2019n\u0131n Denizli s\u0131n\u0131r\u0131nda yer alan k\u0131rsal Otmanlar Mahallesinde ba\u015flayan orman yang\u0131n\u0131 ekiplerin havadan m\u00fcdahalesi ile s\u00f6nd\u00fcrme \u00e7al\u0131\u015fmalar\u0131 devam ediyor.<br \/>\n<br \/>Sabah saatlerinde 112 Acil \u00c7a\u011fr\u0131 Merkezine yap\u0131lan ihbar sonras\u0131 b\u00f6lgeye Mu\u011fla Orman B\u00f6lge M\u00fcd\u00fcrl\u00fc\u011f\u00fc ekipleri sevk edildi. Sarp arazi nedeniyle kara ekiplerinin yang\u0131na m\u00fcdahale etmede zorlan\u0131yor. B\u00f6lgeye hava ara\u00e7lar\u0131 g\u00f6nderilirken, havadan m\u00fcdahale devam ediyor.<br \/><\/p>\n","protected":false},"excerpt":{"rendered":"<p>Mu\u011fla\u2019n\u0131n Denizli s\u0131n\u0131r\u0131nda yer alan k\u0131rsal Otmanlar Mahallesinde ba\u015flayan orman yang\u0131n\u0131 ekiplerin havadan m\u00fcdahalesi ile s\u00f6nd\u00fcrme \u00e7al\u0131\u015fmalar\u0131 devam ediyor. Sabah saatlerinde 112 Acil \u00c7a\u011fr\u0131 Merkezine yap\u0131lan ihbar sonras\u0131 b\u00f6lgeye Mu\u011fla Orman B\u00f6lge M\u00fcd\u00fcrl\u00fc\u011f\u00fc ekipleri sevk edildi. Sarp arazi nedeniyle kara ekiplerinin yang\u0131na m\u00fcdahale etmede zorlan\u0131yor. B\u00f6lgeye hava ara\u00e7lar\u0131 g\u00f6nderilirken, havadan m\u00fcdahale devam ediyor.<\/p>\n","protected":false},"author":1,"featured_media":55360,"comment_status":"open","ping_status":"open","sticky":false,"template":"","format":"standard","meta":{"_crdt_document":"","footnotes":""},"categories":[5],"tags":[],"class_list":["post-55359","post","type-post","status-publish","format-standard","has-post-thumbnail","hentry","category-asayis"],"_links":{"self":[{"href":"https:\/\/www.egemtv.com\/index.php?rest_route=\/wp\/v2\/posts\/55359","targetHints":{"allow":["GET"]}}],"collection":[{"href":"https:\/\/www.egemtv.com\/index.php?rest_route=\/wp\/v2\/posts"}],"about":[{"href":"https:\/\/www.egemtv.com\/index.php?rest_route=\/wp\/v2\/types\/post"}],"author":[{"embeddable":true,"href":"https:\/\/www.egemtv.com\/index.php?rest_route=\/wp\/v2\/users\/1"}],"replies":[{"embeddable":true,"href":"https:\/\/www.egemtv.com\/index.php?rest_route=%2Fwp%2Fv2%2Fcomments&post=55359"}],"version-history":[{"count":1,"href":"https:\/\/www.egemtv.com\/index.php?rest_route=\/wp\/v2\/posts\/55359\/revisions"}],"predecessor-version":[{"id":55361,"href":"https:\/\/www.egemtv.com\/index.php?rest_route=\/wp\/v2\/posts\/55359\/revisions\/55361"}],"wp:featuredmedia":[{"embeddable":true,"href":"https:\/\/www.egemtv.com\/index.php?rest_route=\/wp\/v2\/media\/55360"}],"wp:attachment":[{"href":"https:\/\/www.egemtv.com\/index.php?rest_route=%2Fwp%2Fv2%2Fmedia&parent=55359"}],"wp:term":[{"taxonomy":"category","embeddable":true,"href":"https:\/\/www.egemtv.com\/index.php?rest_route=%2Fwp%2Fv2%2Fcategories&post=55359"},{"taxonomy":"post_tag","embeddable":true,"href":"https:\/\/www.egemtv.com\/index.php?rest_route=%2Fwp%2Fv2%2Ftags&post=55359"}],"curies":[{"name":"wp","href":"https:\/\/api.w.org\/{rel}","templated":true}]}}