{"id":55353,"date":"2025-09-17T10:34:40","date_gmt":"2025-09-17T07:34:40","guid":{"rendered":"https:\/\/www.egemtv.com\/?p=55353"},"modified":"2025-09-17T10:34:41","modified_gmt":"2025-09-17T07:34:41","slug":"op-dr-oztop-saglikta-guvene-devam-edecegiz","status":"publish","type":"post","link":"https:\/\/www.egemtv.com\/?p=55353","title":{"rendered":"Op. Dr. \u00d6ztop: &#8220;Sa\u011fl\u0131kta g\u00fcvene devam edece\u011fiz&#8221;"},"content":{"rendered":"<p>\u0130E\u00dc Medical Point Hastanesi T\u0131bbi Koordinat\u00f6r\u00fc Op. Dr. M. Burak \u00d6ztop, 17 Eyl\u00fcl D\u00fcnya Hasta G\u00fcvenli\u011fi G\u00fcn\u00fc kapsam\u0131nda yapt\u0131\u011f\u0131 a\u00e7\u0131klamada, &#8220;Sa\u011fl\u0131kta g\u00fcveni birlikte in\u015fa etmeye devam edece\u011fiz.&#8221; dedi.<br \/>\n<br \/>\u0130zmir Ekonomi \u00dcniversitesi (\u0130E\u00dc) Medical Point Hastanesi T\u0131bbi Koordinat\u00f6r\u00fc Op. Dr. Burak \u00d6ztop, yapt\u0131\u011f\u0131 a\u00e7\u0131klamada hasta g\u00fcvenli\u011finin yaln\u0131zca bir g\u00fcn de\u011fil, her g\u00fcn merkeze al\u0131nmas\u0131 gereken bir k\u00fclt\u00fcr oldu\u011funu vurgulad\u0131. \u00d6ztop, g\u00fcvenli sa\u011fl\u0131k hizmetinin teknoloji kadar g\u00fcvene dayal\u0131 kurum k\u00fclt\u00fcr\u00fc, e\u011fitim, ileti\u015fim ve ekip \u00e7al\u0131\u015fmas\u0131yla m\u00fcmk\u00fcn oldu\u011funa dikkat \u00e7ekti.<\/p>\n<p>&#8220;Kurum k\u00fclt\u00fcr\u00fc ve ekip \u00e7al\u0131\u015fmas\u0131yla m\u00fcmk\u00fcn&#8221;<br \/>\n<br \/>Op. Dr. \u00d6ztop \u015funlar\u0131 s\u00f6yledi: &#8220;Uluslararas\u0131 akreditasyonlara sahip olan hastanemiz, kalite ve akreditasyon s\u00fcre\u00e7lerinde s\u00fcrekli iyile\u015fmeyi esas almakta; hasta ve \u00e7al\u0131\u015fanlar\u0131m\u0131z\u0131n sa\u011fl\u0131\u011f\u0131n\u0131 korumak ad\u0131na kalite ve g\u00fcvenlik standartlar\u0131n\u0131 en \u00fcst d\u00fczeyde uygulamaktad\u0131r. Bu y\u0131l\u0131n temas\u0131 \u2018Hasta G\u00fcvenli\u011fi K\u00fclt\u00fcr\u00fcn\u00fc G\u00fc\u00e7lendirmek\u2019 olarak belirlenmi\u015ftir. G\u00fcvenli bir sa\u011fl\u0131k hizmeti ortam\u0131 yaln\u0131zca teknoloji ve altyap\u0131yla de\u011fil; ayn\u0131 zamanda g\u00fcvene dayal\u0131 bir kurum k\u00fclt\u00fcr\u00fc, s\u00fcrekli e\u011fitim, \u015feffaf ileti\u015fim ve ekip \u00e7al\u0131\u015fmas\u0131yla m\u00fcmk\u00fcnd\u00fcr. Medical Point Hastanesi olarak bizler, uluslararas\u0131 hasta g\u00fcvenli\u011fi hedeflerine tam uyum sa\u011fl\u0131yor; t\u00fcm \u00e7al\u0131\u015fanlar\u0131m\u0131z i\u00e7in d\u00fczenli e\u011fitim ve fark\u0131ndal\u0131k \u00e7al\u0131\u015fmalar\u0131 y\u00fcr\u00fct\u00fcyor, hatalardan ders \u00e7\u0131kararak \u00f6\u011frenen bir sistemle hasta bak\u0131m s\u00fcre\u00e7lerini s\u00fcrekli geli\u015ftiriyor ve en \u00f6nemlisi hastalar\u0131m\u0131z\u0131 ve ailelerini tedavi s\u00fcre\u00e7lerine etkin bi\u00e7imde dahil ediyoruz. Bu anlay\u0131\u015fla, hasta g\u00fcvenli\u011fini yaln\u0131zca bir standart de\u011fil, t\u00fcm \u00e7al\u0131\u015fmalar\u0131m\u0131za y\u00f6n veren temel bir de\u011fer olarak benimsiyoruz.&#8221;<br \/>\n<br \/>A\u00e7\u0131klamas\u0131nda t\u00fcm sa\u011fl\u0131k \u00e7al\u0131\u015fanlar\u0131na \u00f6zverili emekleri i\u00e7in te\u015fekk\u00fcr eden \u00d6ztop, &#8220;Hasta g\u00fcvenli\u011fi alan\u0131nda yapt\u0131\u011f\u0131m\u0131z her \u00e7al\u0131\u015fman\u0131n, hem bireyler hem de toplum i\u00e7in sa\u011fl\u0131kl\u0131 bir gelece\u011fe at\u0131lm\u0131\u015f sa\u011flam bir ad\u0131m oldu\u011funa inan\u0131yoruz. Sa\u011fl\u0131kta g\u00fcveni birlikte in\u015fa etmeye devam edece\u011fiz.&#8221; dedi.<br \/><\/p>\n","protected":false},"excerpt":{"rendered":"<p>\u0130E\u00dc Medical Point Hastanesi T\u0131bbi Koordinat\u00f6r\u00fc Op. Dr. M. Burak \u00d6ztop, 17 Eyl\u00fcl D\u00fcnya Hasta G\u00fcvenli\u011fi G\u00fcn\u00fc kapsam\u0131nda yapt\u0131\u011f\u0131 a\u00e7\u0131klamada, &#8220;Sa\u011fl\u0131kta g\u00fcveni birlikte in\u015fa etmeye devam edece\u011fiz.&#8221; dedi. \u0130zmir Ekonomi \u00dcniversitesi (\u0130E\u00dc) Medical Point Hastanesi T\u0131bbi Koordinat\u00f6r\u00fc Op. Dr. Burak \u00d6ztop, yapt\u0131\u011f\u0131 a\u00e7\u0131klamada hasta g\u00fcvenli\u011finin yaln\u0131zca bir g\u00fcn de\u011fil, her g\u00fcn merkeze al\u0131nmas\u0131 gereken bir&#8230;<\/p>\n","protected":false},"author":1,"featured_media":55354,"comment_status":"open","ping_status":"open","sticky":false,"template":"","format":"standard","meta":{"_crdt_document":"","footnotes":""},"categories":[2],"tags":[],"class_list":["post-55353","post","type-post","status-publish","format-standard","has-post-thumbnail","hentry","category-saglik"],"_links":{"self":[{"href":"https:\/\/www.egemtv.com\/index.php?rest_route=\/wp\/v2\/posts\/55353","targetHints":{"allow":["GET"]}}],"collection":[{"href":"https:\/\/www.egemtv.com\/index.php?rest_route=\/wp\/v2\/posts"}],"about":[{"href":"https:\/\/www.egemtv.com\/index.php?rest_route=\/wp\/v2\/types\/post"}],"author":[{"embeddable":true,"href":"https:\/\/www.egemtv.com\/index.php?rest_route=\/wp\/v2\/users\/1"}],"replies":[{"embeddable":true,"href":"https:\/\/www.egemtv.com\/index.php?rest_route=%2Fwp%2Fv2%2Fcomments&post=55353"}],"version-history":[{"count":1,"href":"https:\/\/www.egemtv.com\/index.php?rest_route=\/wp\/v2\/posts\/55353\/revisions"}],"predecessor-version":[{"id":55355,"href":"https:\/\/www.egemtv.com\/index.php?rest_route=\/wp\/v2\/posts\/55353\/revisions\/55355"}],"wp:featuredmedia":[{"embeddable":true,"href":"https:\/\/www.egemtv.com\/index.php?rest_route=\/wp\/v2\/media\/55354"}],"wp:attachment":[{"href":"https:\/\/www.egemtv.com\/index.php?rest_route=%2Fwp%2Fv2%2Fmedia&parent=55353"}],"wp:term":[{"taxonomy":"category","embeddable":true,"href":"https:\/\/www.egemtv.com\/index.php?rest_route=%2Fwp%2Fv2%2Fcategories&post=55353"},{"taxonomy":"post_tag","embeddable":true,"href":"https:\/\/www.egemtv.com\/index.php?rest_route=%2Fwp%2Fv2%2Ftags&post=55353"}],"curies":[{"name":"wp","href":"https:\/\/api.w.org\/{rel}","templated":true}]}}