{"id":55350,"date":"2025-09-17T10:14:56","date_gmt":"2025-09-17T07:14:56","guid":{"rendered":"https:\/\/www.egemtv.com\/?p=55350"},"modified":"2025-09-17T10:14:57","modified_gmt":"2025-09-17T07:14:57","slug":"ndh-bashekimi-akkaya-hasta-guvenligi-sundugumuz-saglik-hizmetinin-temel-onceligidir","status":"publish","type":"post","link":"https:\/\/www.egemtv.com\/?p=55350","title":{"rendered":"NDH Ba\u015fhekimi Akkaya: &#8220;Hasta g\u00fcvenli\u011fi, sundu\u011fumuz sa\u011fl\u0131k hizmetinin temel \u00f6nceli\u011fidir&#8221;"},"content":{"rendered":"<p>Hasta g\u00fcvenli\u011fini \u00f6nceleyen hizmet anlay\u0131\u015f\u0131n\u0131 s\u00fcrd\u00fcrd\u00fcklerini ifade eden Nazilli Devlet Hastanesi Ba\u015fhekimi Uzm. Dr. Necati Akkaya; &#8220;Hasta g\u00fcvenli\u011fi, sundu\u011fumuz sa\u011fl\u0131k hizmetinin temel \u00f6nceli\u011fidir&#8221; dedi.<\/p>\n<p>Nazilli Devlet Hastanesi, 17 Eyl\u00fcl D\u00fcnya Hasta G\u00fcvenli\u011fi G\u00fcn\u00fc kapsam\u0131nda hasta g\u00fcvenli\u011finin sa\u011fl\u0131k hizmetlerinin en temel \u00f6nceli\u011fi oldu\u011funu vurgulad\u0131. Sa\u011fl\u0131k Bakanl\u0131\u011f\u0131 taraf\u0131ndan t\u00fcm sa\u011fl\u0131k kurulu\u015flar\u0131nda uygulanan Sa\u011fl\u0131kta Kalite Standartlar\u0131 (SKS) ve Sa\u011fl\u0131k Tesisleri De\u011ferlendirme Standartlar\u0131 (SDS) ile hasta ve \u00e7al\u0131\u015fan g\u00fcvenli\u011finin esas al\u0131nd\u0131\u011f\u0131n\u0131 belirten Nazilli Devlet Hastanesi, g\u00fcvenli sa\u011fl\u0131k hizmeti sunma kararl\u0131l\u0131\u011f\u0131n\u0131 yinelerken Hastane Ba\u015fhekimi Uzm. Dr. Necati Akkaya; &#8220;Sa\u011fl\u0131kta g\u00fcven, hizmette kalite mottosuyla hareket ediyoruz. Hasta g\u00fcvenli\u011fi, sundu\u011fumuz sa\u011fl\u0131k hizmetinin temel \u00f6nceli\u011fidir. 17 Eyl\u00fcl D\u00fcnya Hasta G\u00fcvenli\u011fi G\u00fcn\u00fc vesilesiyle, Nazilli Devlet Hastanesi olarak g\u00fcvenli sa\u011fl\u0131k hizmeti sunma kararl\u0131l\u0131\u011f\u0131m\u0131z\u0131 yineliyorum&#8221; dedi.<br \/><\/p>\n","protected":false},"excerpt":{"rendered":"<p>Hasta g\u00fcvenli\u011fini \u00f6nceleyen hizmet anlay\u0131\u015f\u0131n\u0131 s\u00fcrd\u00fcrd\u00fcklerini ifade eden Nazilli Devlet Hastanesi Ba\u015fhekimi Uzm. Dr. Necati Akkaya; &#8220;Hasta g\u00fcvenli\u011fi, sundu\u011fumuz sa\u011fl\u0131k hizmetinin temel \u00f6nceli\u011fidir&#8221; dedi. Nazilli Devlet Hastanesi, 17 Eyl\u00fcl D\u00fcnya Hasta G\u00fcvenli\u011fi G\u00fcn\u00fc kapsam\u0131nda hasta g\u00fcvenli\u011finin sa\u011fl\u0131k hizmetlerinin en temel \u00f6nceli\u011fi oldu\u011funu vurgulad\u0131. Sa\u011fl\u0131k Bakanl\u0131\u011f\u0131 taraf\u0131ndan t\u00fcm sa\u011fl\u0131k kurulu\u015flar\u0131nda uygulanan Sa\u011fl\u0131kta Kalite Standartlar\u0131 (SKS) ve&#8230;<\/p>\n","protected":false},"author":1,"featured_media":55351,"comment_status":"open","ping_status":"open","sticky":false,"template":"","format":"standard","meta":{"_crdt_document":"","footnotes":""},"categories":[2],"tags":[],"class_list":["post-55350","post","type-post","status-publish","format-standard","has-post-thumbnail","hentry","category-saglik"],"_links":{"self":[{"href":"https:\/\/www.egemtv.com\/index.php?rest_route=\/wp\/v2\/posts\/55350","targetHints":{"allow":["GET"]}}],"collection":[{"href":"https:\/\/www.egemtv.com\/index.php?rest_route=\/wp\/v2\/posts"}],"about":[{"href":"https:\/\/www.egemtv.com\/index.php?rest_route=\/wp\/v2\/types\/post"}],"author":[{"embeddable":true,"href":"https:\/\/www.egemtv.com\/index.php?rest_route=\/wp\/v2\/users\/1"}],"replies":[{"embeddable":true,"href":"https:\/\/www.egemtv.com\/index.php?rest_route=%2Fwp%2Fv2%2Fcomments&post=55350"}],"version-history":[{"count":1,"href":"https:\/\/www.egemtv.com\/index.php?rest_route=\/wp\/v2\/posts\/55350\/revisions"}],"predecessor-version":[{"id":55352,"href":"https:\/\/www.egemtv.com\/index.php?rest_route=\/wp\/v2\/posts\/55350\/revisions\/55352"}],"wp:featuredmedia":[{"embeddable":true,"href":"https:\/\/www.egemtv.com\/index.php?rest_route=\/wp\/v2\/media\/55351"}],"wp:attachment":[{"href":"https:\/\/www.egemtv.com\/index.php?rest_route=%2Fwp%2Fv2%2Fmedia&parent=55350"}],"wp:term":[{"taxonomy":"category","embeddable":true,"href":"https:\/\/www.egemtv.com\/index.php?rest_route=%2Fwp%2Fv2%2Fcategories&post=55350"},{"taxonomy":"post_tag","embeddable":true,"href":"https:\/\/www.egemtv.com\/index.php?rest_route=%2Fwp%2Fv2%2Ftags&post=55350"}],"curies":[{"name":"wp","href":"https:\/\/api.w.org\/{rel}","templated":true}]}}