{"id":5535,"date":"2025-01-09T10:53:22","date_gmt":"2025-01-09T07:53:22","guid":{"rendered":"https:\/\/www.egemtv.com\/?p=5535"},"modified":"2025-01-09T10:53:24","modified_gmt":"2025-01-09T07:53:24","slug":"itfaiye-daire-baskani-karyagdidan-10-ocak-calisan-gazeteciler-gunu-mesaji","status":"publish","type":"post","link":"https:\/\/www.egemtv.com\/?p=5535","title":{"rendered":"\u0130tfaiye Daire Ba\u015fkan\u0131 Karya\u011fd\u0131\u2019dan 10 Ocak \u00c7al\u0131\u015fan Gazeteciler G\u00fcn\u00fc mesaj\u0131"},"content":{"rendered":"<p>Bas\u0131n sekt\u00f6r\u00fcnde \u00e7al\u0131\u015fan gazeteciler gibi mesai mefhumu g\u00f6zetmeyen meslekler aras\u0131nda yer alan itfaiye ekipleri ad\u0131na Mu\u011fla B\u00fcy\u00fck\u015fehir Belediyesi \u0130tfaiye Daire Ba\u015fkan\u0131 Mehmet Karya\u011fd\u0131 10 Ocak \u00c7al\u0131\u015fan Gazeteciler G\u00fcn\u00fc\u2019n\u00fc kutlad\u0131.<br \/>\n<br \/>Karya\u011fd\u0131 mesaj\u0131nda, \u201cBas\u0131n, toplumun do\u011fru ve h\u0131zl\u0131 bilgiye ula\u015fmas\u0131n\u0131 sa\u011flayan, kamuoyunu ayd\u0131nlatan, demokrasinin temel ta\u015flar\u0131ndan biridir. Gazetecilik mesle\u011fi, fedak\u00e2rl\u0131k, tarafs\u0131zl\u0131k ve b\u00fcy\u00fck bir sorumluluk gerektirir. Gece-g\u00fcnd\u00fcz demeden halk\u0131m\u0131z\u0131n haber alma hakk\u0131n\u0131 korumak i\u00e7in emek veren, zor \u015fartlarda bile meslek ahlak\u0131ndan \u00f6d\u00fcn vermeyen gazetecilerimizin g\u00fcn\u00fcn\u00fc kutluyoruz. \u00d6zellikle do\u011fal afetlerde, kriz anlar\u0131nda ve acil durumlarda do\u011fru bilgiye ula\u015fmam\u0131zda ve kamuoyunu bilin\u00e7lendirmede bas\u0131n mensuplar\u0131m\u0131z\u0131n katk\u0131lar\u0131 asla g\u00f6z ard\u0131 edilemez. Mu\u011fla \u0130tfaiyesi olarak, yapt\u0131\u011f\u0131m\u0131z \u00e7al\u0131\u015fmalar\u0131 ve hizmetlerimizi halk\u0131m\u0131za aktarmada bize destek olan, vatanda\u015flar\u0131m\u0131zla aram\u0131zda k\u00f6pr\u00fc g\u00f6revi \u00fcstlenen de\u011ferli bas\u0131n mensuplar\u0131m\u0131za te\u015fekk\u00fcr ediyoruz. Sizlerin eme\u011fi, toplumun bilin\u00e7lenmesi ve do\u011fru bilgiye ula\u015fmas\u0131 ad\u0131na hayati bir \u00f6neme sahiptir. 10 Ocak \u00c7al\u0131\u015fan Gazeteciler G\u00fcn\u00fc vesilesiyle, t\u00fcm gazetecilerimize sa\u011fl\u0131kl\u0131, mutlu ve ba\u015far\u0131l\u0131 bir meslek hayat\u0131 diliyor, her zaman yanlar\u0131nda oldu\u011fumuzu ifade etmek istiyoruz\u201d dedi.<br \/><\/p>\n","protected":false},"excerpt":{"rendered":"<p>Bas\u0131n sekt\u00f6r\u00fcnde \u00e7al\u0131\u015fan gazeteciler gibi mesai mefhumu g\u00f6zetmeyen meslekler aras\u0131nda yer alan itfaiye ekipleri ad\u0131na Mu\u011fla B\u00fcy\u00fck\u015fehir Belediyesi \u0130tfaiye Daire Ba\u015fkan\u0131 Mehmet Karya\u011fd\u0131 10 Ocak \u00c7al\u0131\u015fan Gazeteciler G\u00fcn\u00fc\u2019n\u00fc kutlad\u0131. Karya\u011fd\u0131 mesaj\u0131nda, \u201cBas\u0131n, toplumun do\u011fru ve h\u0131zl\u0131 bilgiye ula\u015fmas\u0131n\u0131 sa\u011flayan, kamuoyunu ayd\u0131nlatan, demokrasinin temel ta\u015flar\u0131ndan biridir. Gazetecilik mesle\u011fi, fedak\u00e2rl\u0131k, tarafs\u0131zl\u0131k ve b\u00fcy\u00fck bir sorumluluk gerektirir. Gece-g\u00fcnd\u00fcz&#8230;<\/p>\n","protected":false},"author":1,"featured_media":5536,"comment_status":"open","ping_status":"open","sticky":false,"template":"","format":"standard","meta":{"_crdt_document":"","footnotes":""},"categories":[123],"tags":[],"class_list":["post-5535","post","type-post","status-publish","format-standard","has-post-thumbnail","hentry","category-gundem"],"_links":{"self":[{"href":"https:\/\/www.egemtv.com\/index.php?rest_route=\/wp\/v2\/posts\/5535","targetHints":{"allow":["GET"]}}],"collection":[{"href":"https:\/\/www.egemtv.com\/index.php?rest_route=\/wp\/v2\/posts"}],"about":[{"href":"https:\/\/www.egemtv.com\/index.php?rest_route=\/wp\/v2\/types\/post"}],"author":[{"embeddable":true,"href":"https:\/\/www.egemtv.com\/index.php?rest_route=\/wp\/v2\/users\/1"}],"replies":[{"embeddable":true,"href":"https:\/\/www.egemtv.com\/index.php?rest_route=%2Fwp%2Fv2%2Fcomments&post=5535"}],"version-history":[{"count":1,"href":"https:\/\/www.egemtv.com\/index.php?rest_route=\/wp\/v2\/posts\/5535\/revisions"}],"predecessor-version":[{"id":5537,"href":"https:\/\/www.egemtv.com\/index.php?rest_route=\/wp\/v2\/posts\/5535\/revisions\/5537"}],"wp:featuredmedia":[{"embeddable":true,"href":"https:\/\/www.egemtv.com\/index.php?rest_route=\/wp\/v2\/media\/5536"}],"wp:attachment":[{"href":"https:\/\/www.egemtv.com\/index.php?rest_route=%2Fwp%2Fv2%2Fmedia&parent=5535"}],"wp:term":[{"taxonomy":"category","embeddable":true,"href":"https:\/\/www.egemtv.com\/index.php?rest_route=%2Fwp%2Fv2%2Fcategories&post=5535"},{"taxonomy":"post_tag","embeddable":true,"href":"https:\/\/www.egemtv.com\/index.php?rest_route=%2Fwp%2Fv2%2Ftags&post=5535"}],"curies":[{"name":"wp","href":"https:\/\/api.w.org\/{rel}","templated":true}]}}