{"id":55347,"date":"2025-09-17T10:14:55","date_gmt":"2025-09-17T07:14:55","guid":{"rendered":"https:\/\/www.egemtv.com\/?p=55347"},"modified":"2025-09-17T10:14:56","modified_gmt":"2025-09-17T07:14:56","slug":"dask-tanitim-tiri-kutahyalilarla-bulustu","status":"publish","type":"post","link":"https:\/\/www.egemtv.com\/?p=55347","title":{"rendered":"DASK Tan\u0131t\u0131m T\u0131r\u0131 K\u00fctahyal\u0131larla bulu\u015ftu"},"content":{"rendered":"<p>K\u00fctahya Valisi Musa I\u015f\u0131n, Do\u011fal Afet Sigortalar\u0131 Kurumu\u2019na (DASK) ait bilgilendirme t\u0131r\u0131n\u0131 ziyaret ederek yetkililerden \u00e7al\u0131\u015fmalar hakk\u0131nda bilgi ald\u0131.<br \/>\n<br \/>Kent merkezinde vatanda\u015flar\u0131n da ilgisini \u00e7eken t\u0131rda, deprem bilinci ve sigortan\u0131n \u00f6nemi konusunda bilgilendirmeler yap\u0131ld\u0131. DASK ekipleri, Vali Musa I\u015f\u0131n\u2019a kurumun y\u00fcr\u00fctt\u00fc\u011f\u00fc faaliyetler, sigortal\u0131l\u0131k oranlar\u0131 ve afetlere kar\u015f\u0131 haz\u0131rl\u0131k \u00e7al\u0131\u015fmalar\u0131 hakk\u0131nda ayr\u0131nt\u0131l\u0131 bilgi sundu.<br \/><\/p>\n","protected":false},"excerpt":{"rendered":"<p>K\u00fctahya Valisi Musa I\u015f\u0131n, Do\u011fal Afet Sigortalar\u0131 Kurumu\u2019na (DASK) ait bilgilendirme t\u0131r\u0131n\u0131 ziyaret ederek yetkililerden \u00e7al\u0131\u015fmalar hakk\u0131nda bilgi ald\u0131. Kent merkezinde vatanda\u015flar\u0131n da ilgisini \u00e7eken t\u0131rda, deprem bilinci ve sigortan\u0131n \u00f6nemi konusunda bilgilendirmeler yap\u0131ld\u0131. DASK ekipleri, Vali Musa I\u015f\u0131n\u2019a kurumun y\u00fcr\u00fctt\u00fc\u011f\u00fc faaliyetler, sigortal\u0131l\u0131k oranlar\u0131 ve afetlere kar\u015f\u0131 haz\u0131rl\u0131k \u00e7al\u0131\u015fmalar\u0131 hakk\u0131nda ayr\u0131nt\u0131l\u0131 bilgi sundu.<\/p>\n","protected":false},"author":1,"featured_media":55348,"comment_status":"open","ping_status":"open","sticky":false,"template":"","format":"standard","meta":{"_crdt_document":"","footnotes":""},"categories":[123],"tags":[],"class_list":["post-55347","post","type-post","status-publish","format-standard","has-post-thumbnail","hentry","category-gundem"],"_links":{"self":[{"href":"https:\/\/www.egemtv.com\/index.php?rest_route=\/wp\/v2\/posts\/55347","targetHints":{"allow":["GET"]}}],"collection":[{"href":"https:\/\/www.egemtv.com\/index.php?rest_route=\/wp\/v2\/posts"}],"about":[{"href":"https:\/\/www.egemtv.com\/index.php?rest_route=\/wp\/v2\/types\/post"}],"author":[{"embeddable":true,"href":"https:\/\/www.egemtv.com\/index.php?rest_route=\/wp\/v2\/users\/1"}],"replies":[{"embeddable":true,"href":"https:\/\/www.egemtv.com\/index.php?rest_route=%2Fwp%2Fv2%2Fcomments&post=55347"}],"version-history":[{"count":1,"href":"https:\/\/www.egemtv.com\/index.php?rest_route=\/wp\/v2\/posts\/55347\/revisions"}],"predecessor-version":[{"id":55349,"href":"https:\/\/www.egemtv.com\/index.php?rest_route=\/wp\/v2\/posts\/55347\/revisions\/55349"}],"wp:featuredmedia":[{"embeddable":true,"href":"https:\/\/www.egemtv.com\/index.php?rest_route=\/wp\/v2\/media\/55348"}],"wp:attachment":[{"href":"https:\/\/www.egemtv.com\/index.php?rest_route=%2Fwp%2Fv2%2Fmedia&parent=55347"}],"wp:term":[{"taxonomy":"category","embeddable":true,"href":"https:\/\/www.egemtv.com\/index.php?rest_route=%2Fwp%2Fv2%2Fcategories&post=55347"},{"taxonomy":"post_tag","embeddable":true,"href":"https:\/\/www.egemtv.com\/index.php?rest_route=%2Fwp%2Fv2%2Ftags&post=55347"}],"curies":[{"name":"wp","href":"https:\/\/api.w.org\/{rel}","templated":true}]}}