{"id":55344,"date":"2025-09-17T10:14:54","date_gmt":"2025-09-17T07:14:54","guid":{"rendered":"https:\/\/www.egemtv.com\/?p=55344"},"modified":"2025-09-17T10:14:55","modified_gmt":"2025-09-17T07:14:55","slug":"dpude-kampus-gezi-otobusu-uygulamasi-basladi","status":"publish","type":"post","link":"https:\/\/www.egemtv.com\/?p=55344","title":{"rendered":"DP\u00dc\u2019de Kamp\u00fcs Gezi Otob\u00fcs\u00fc uygulamas\u0131 ba\u015flad\u0131"},"content":{"rendered":"<p>K\u00fctahya Dumlup\u0131nar \u00dcniversitesi\u2019nde e\u011fitime yeni ba\u015flayan \u00f6\u011frencilerin kamp\u00fcs\u00fc yak\u0131ndan tan\u0131malar\u0131 amac\u0131yla d\u00fczenlenen Kamp\u00fcs Gezi Otob\u00fcs\u00fc uygulamas\u0131 hayata ge\u00e7irildi.<br \/>\n<br \/>Gezi otob\u00fcs\u00fc ile \u00f6\u011frenciler, \u00fcniversitenin fak\u00fcltelerini, yurtlar\u0131n\u0131, yemekhanelerini ve sosyal imk\u00e2n sunan alanlar\u0131n\u0131 g\u00f6rerek kamp\u00fcs hakk\u0131nda yerinde bilgi ediniyor. \u0130lk g\u00fcn yo\u011fun ilgi g\u00f6ren uygulamada \u00f6\u011frenciler hem keyifli anlar ya\u015fad\u0131 hem de foto\u011fraf kareleriyle bu anlar\u0131 \u00f6l\u00fcms\u00fczle\u015ftirdi.<br \/>\n<br \/>Kamp\u00fcs Gezi Otob\u00fcs\u00fc, 15-19 Eyl\u00fcl tarihleri aras\u0131nda her g\u00fcn 14.00-17.00 saatleri aras\u0131nda hizmet verecek. Uygulaman\u0131n, yeni \u00f6\u011frencilerin \u00fcniversiteye uyum s\u00fcrecine \u00f6nemli katk\u0131 sa\u011flamas\u0131 bekleniyor.<br \/><\/p>\n","protected":false},"excerpt":{"rendered":"<p>K\u00fctahya Dumlup\u0131nar \u00dcniversitesi\u2019nde e\u011fitime yeni ba\u015flayan \u00f6\u011frencilerin kamp\u00fcs\u00fc yak\u0131ndan tan\u0131malar\u0131 amac\u0131yla d\u00fczenlenen Kamp\u00fcs Gezi Otob\u00fcs\u00fc uygulamas\u0131 hayata ge\u00e7irildi. Gezi otob\u00fcs\u00fc ile \u00f6\u011frenciler, \u00fcniversitenin fak\u00fcltelerini, yurtlar\u0131n\u0131, yemekhanelerini ve sosyal imk\u00e2n sunan alanlar\u0131n\u0131 g\u00f6rerek kamp\u00fcs hakk\u0131nda yerinde bilgi ediniyor. \u0130lk g\u00fcn yo\u011fun ilgi g\u00f6ren uygulamada \u00f6\u011frenciler hem keyifli anlar ya\u015fad\u0131 hem de foto\u011fraf kareleriyle bu anlar\u0131 \u00f6l\u00fcms\u00fczle\u015ftirdi&#8230;.<\/p>\n","protected":false},"author":1,"featured_media":55345,"comment_status":"open","ping_status":"open","sticky":false,"template":"","format":"standard","meta":{"_crdt_document":"","footnotes":""},"categories":[1],"tags":[],"class_list":["post-55344","post","type-post","status-publish","format-standard","has-post-thumbnail","hentry","category-guncel"],"_links":{"self":[{"href":"https:\/\/www.egemtv.com\/index.php?rest_route=\/wp\/v2\/posts\/55344","targetHints":{"allow":["GET"]}}],"collection":[{"href":"https:\/\/www.egemtv.com\/index.php?rest_route=\/wp\/v2\/posts"}],"about":[{"href":"https:\/\/www.egemtv.com\/index.php?rest_route=\/wp\/v2\/types\/post"}],"author":[{"embeddable":true,"href":"https:\/\/www.egemtv.com\/index.php?rest_route=\/wp\/v2\/users\/1"}],"replies":[{"embeddable":true,"href":"https:\/\/www.egemtv.com\/index.php?rest_route=%2Fwp%2Fv2%2Fcomments&post=55344"}],"version-history":[{"count":1,"href":"https:\/\/www.egemtv.com\/index.php?rest_route=\/wp\/v2\/posts\/55344\/revisions"}],"predecessor-version":[{"id":55346,"href":"https:\/\/www.egemtv.com\/index.php?rest_route=\/wp\/v2\/posts\/55344\/revisions\/55346"}],"wp:featuredmedia":[{"embeddable":true,"href":"https:\/\/www.egemtv.com\/index.php?rest_route=\/wp\/v2\/media\/55345"}],"wp:attachment":[{"href":"https:\/\/www.egemtv.com\/index.php?rest_route=%2Fwp%2Fv2%2Fmedia&parent=55344"}],"wp:term":[{"taxonomy":"category","embeddable":true,"href":"https:\/\/www.egemtv.com\/index.php?rest_route=%2Fwp%2Fv2%2Fcategories&post=55344"},{"taxonomy":"post_tag","embeddable":true,"href":"https:\/\/www.egemtv.com\/index.php?rest_route=%2Fwp%2Fv2%2Ftags&post=55344"}],"curies":[{"name":"wp","href":"https:\/\/api.w.org\/{rel}","templated":true}]}}