{"id":55341,"date":"2025-09-17T10:14:52","date_gmt":"2025-09-17T07:14:52","guid":{"rendered":"https:\/\/www.egemtv.com\/?p=55341"},"modified":"2025-09-17T10:14:54","modified_gmt":"2025-09-17T07:14:54","slug":"dunyanin-ilk-kadin-deri-profesoru-prof-dr-elif-eser-eke-bayramoglundan-gururlandiran-basari","status":"publish","type":"post","link":"https:\/\/www.egemtv.com\/?p=55341","title":{"rendered":"D\u00fcnyan\u0131n ilk kad\u0131n deri profes\u00f6r\u00fc Prof. Dr. Elif Eser Eke Bayramo\u011flu\u2019ndan gururland\u0131ran ba\u015far\u0131"},"content":{"rendered":"<p>Ege \u00dcniversitesi, akademik ve k\u00fclt\u00fcrel alanda \u00f6nemli bir ba\u015far\u0131ya daha imza att\u0131. D\u00fcnyan\u0131n ilk kad\u0131n deri profes\u00f6r\u00fc unvan\u0131n\u0131 ta\u015f\u0131yan Ege \u00dcniversitesi M\u00fchendislik Fak\u00fcltesi Deri M\u00fchendisli\u011fi B\u00f6l\u00fcm\u00fc \u00f6\u011fretim \u00fcyesi Prof. Dr. Elif Eser Eke Bayramo\u011flu\u2019na K\u00fclt\u00fcr ve Turizm Bakanl\u0131\u011f\u0131 taraf\u0131ndan y\u00fcr\u00fct\u00fclen de\u011ferlendirme s\u00fcreci sonucunda &#8220;Somut Olmayan K\u00fclt\u00fcrel Miras Ta\u015f\u0131y\u0131c\u0131s\u0131&#8221; unvan\u0131 verildi.<br \/>\n<br \/>Akademik alandaki ba\u015far\u0131lar\u0131n\u0131n yan\u0131 s\u0131ra geleneksel bilgi ve \u00fcretim bi\u00e7imlerine y\u00f6nelik katk\u0131lar\u0131yla da \u00f6ne \u00e7\u0131kan Prof. Dr. Bayramo\u011flu, bu \u00fcnvanla birlikte T\u00fcrkiye\u2019nin k\u00fclt\u00fcrel miras\u0131n\u0131n ya\u015fat\u0131lmas\u0131na y\u00f6nelik \u00e7al\u0131\u015fmalar\u0131na yeni bir boyut kazand\u0131rm\u0131\u015f oldu.<br \/>\n<br \/>Prof. Dr. Elif Eser Eke Bayramo\u011flu, Deri M\u00fchendisli\u011fi alan\u0131ndaki \u00f6nc\u00fc \u00e7al\u0131\u015fmalar\u0131yla uluslararas\u0131 \u00e7apta tan\u0131n\u0131rken, son y\u0131llarda k\u00fclt\u00fcrel miras alan\u0131ndaki derinlemesine ara\u015ft\u0131rmalar\u0131 ve katk\u0131lar\u0131yla da dikkat \u00e7ekiyor. Prof. Dr. Bayramo\u011flu\u2019nun bu yeni unvan\u0131, T\u00fcrkiye\u2019nin zengin k\u00fclt\u00fcrel miras\u0131n\u0131n ulusal ve uluslararas\u0131 platformlarda daha etkin bir \u015fekilde temsil edilmesine olanak sa\u011flayacak.<br \/>\n<br \/>Prof. Dr. Bayramo\u011flu\u2019nun ba\u015far\u0131s\u0131 hem akademik \u00e7evreler hem de k\u00fclt\u00fcrel miras alan\u0131nda \u00e7al\u0131\u015fan uzmanlar taraf\u0131ndan takdirle kar\u015f\u0131land\u0131.<br \/><\/p>\n","protected":false},"excerpt":{"rendered":"<p>Ege \u00dcniversitesi, akademik ve k\u00fclt\u00fcrel alanda \u00f6nemli bir ba\u015far\u0131ya daha imza att\u0131. D\u00fcnyan\u0131n ilk kad\u0131n deri profes\u00f6r\u00fc unvan\u0131n\u0131 ta\u015f\u0131yan Ege \u00dcniversitesi M\u00fchendislik Fak\u00fcltesi Deri M\u00fchendisli\u011fi B\u00f6l\u00fcm\u00fc \u00f6\u011fretim \u00fcyesi Prof. Dr. Elif Eser Eke Bayramo\u011flu\u2019na K\u00fclt\u00fcr ve Turizm Bakanl\u0131\u011f\u0131 taraf\u0131ndan y\u00fcr\u00fct\u00fclen de\u011ferlendirme s\u00fcreci sonucunda &#8220;Somut Olmayan K\u00fclt\u00fcrel Miras Ta\u015f\u0131y\u0131c\u0131s\u0131&#8221; unvan\u0131 verildi. Akademik alandaki ba\u015far\u0131lar\u0131n\u0131n yan\u0131 s\u0131ra&#8230;<\/p>\n","protected":false},"author":1,"featured_media":55342,"comment_status":"open","ping_status":"open","sticky":false,"template":"","format":"standard","meta":{"_crdt_document":"","footnotes":""},"categories":[1],"tags":[],"class_list":["post-55341","post","type-post","status-publish","format-standard","has-post-thumbnail","hentry","category-guncel"],"_links":{"self":[{"href":"https:\/\/www.egemtv.com\/index.php?rest_route=\/wp\/v2\/posts\/55341","targetHints":{"allow":["GET"]}}],"collection":[{"href":"https:\/\/www.egemtv.com\/index.php?rest_route=\/wp\/v2\/posts"}],"about":[{"href":"https:\/\/www.egemtv.com\/index.php?rest_route=\/wp\/v2\/types\/post"}],"author":[{"embeddable":true,"href":"https:\/\/www.egemtv.com\/index.php?rest_route=\/wp\/v2\/users\/1"}],"replies":[{"embeddable":true,"href":"https:\/\/www.egemtv.com\/index.php?rest_route=%2Fwp%2Fv2%2Fcomments&post=55341"}],"version-history":[{"count":1,"href":"https:\/\/www.egemtv.com\/index.php?rest_route=\/wp\/v2\/posts\/55341\/revisions"}],"predecessor-version":[{"id":55343,"href":"https:\/\/www.egemtv.com\/index.php?rest_route=\/wp\/v2\/posts\/55341\/revisions\/55343"}],"wp:featuredmedia":[{"embeddable":true,"href":"https:\/\/www.egemtv.com\/index.php?rest_route=\/wp\/v2\/media\/55342"}],"wp:attachment":[{"href":"https:\/\/www.egemtv.com\/index.php?rest_route=%2Fwp%2Fv2%2Fmedia&parent=55341"}],"wp:term":[{"taxonomy":"category","embeddable":true,"href":"https:\/\/www.egemtv.com\/index.php?rest_route=%2Fwp%2Fv2%2Fcategories&post=55341"},{"taxonomy":"post_tag","embeddable":true,"href":"https:\/\/www.egemtv.com\/index.php?rest_route=%2Fwp%2Fv2%2Ftags&post=55341"}],"curies":[{"name":"wp","href":"https:\/\/api.w.org\/{rel}","templated":true}]}}