{"id":55338,"date":"2025-09-17T10:14:51","date_gmt":"2025-09-17T07:14:51","guid":{"rendered":"https:\/\/www.egemtv.com\/?p=55338"},"modified":"2025-09-17T10:14:52","modified_gmt":"2025-09-17T07:14:52","slug":"sokede-ciftci-toplantisinda-turuncgil-uretimi-masaya-yatirildi","status":"publish","type":"post","link":"https:\/\/www.egemtv.com\/?p=55338","title":{"rendered":"S\u00f6ke\u2019de \u00e7ift\u00e7i toplant\u0131s\u0131nda turun\u00e7gil \u00fcretimi masaya yat\u0131r\u0131ld\u0131"},"content":{"rendered":"<p>Ayd\u0131n\u2019\u0131n S\u00f6ke il\u00e7esinde turun\u00e7gil \u00fcreticilerine y\u00f6nelik d\u00fczenlenen \u00e7ift\u00e7i toplant\u0131s\u0131nda, Akdeniz meyve sine\u011fi ile m\u00fccadele ve kal\u0131nt\u0131 eylem plan\u0131 ele al\u0131nd\u0131.<\/p>\n<p>S\u00f6ke \u0130l\u00e7e Tar\u0131m ve Orman M\u00fcd\u00fcrl\u00fc\u011f\u00fc ekipleri taraf\u0131ndan Ba\u011faras\u0131 Mahallesi\u2019nde ger\u00e7ekle\u015ftirilen toplant\u0131ya \u00fcreticiler kat\u0131ld\u0131. Uzmanlar, turun\u00e7gil bah\u00e7elerinde yap\u0131lan denetimlerde Akdeniz meyve sine\u011fi pop\u00fclasyonunda art\u0131\u015f g\u00f6zlemlenmedi\u011fini belirterek \u00fcreticilere bilgilendirmelerde bulundu. Toplant\u0131da \u00fcreticilere, zararl\u0131larla m\u00fccadelede do\u011fru y\u00f6ntemlerin uygulanmas\u0131, ila\u00e7 kullan\u0131m\u0131nda dikkat edilmesi gereken hususlar ve kal\u0131nt\u0131 b\u0131rakmayan \u00fcretim teknikleri hakk\u0131nda detayl\u0131 bilgiler aktar\u0131ld\u0131. Yetkililer, turun\u00e7gil \u00fcretiminde kaliteyi art\u0131rmak ve \u00fcr\u00fcn kay\u0131plar\u0131n\u0131 \u00f6nlemek amac\u0131yla \u00fcreticilerin teknik tavsiyelere uymalar\u0131n\u0131n b\u00fcy\u00fck \u00f6nem ta\u015f\u0131d\u0131\u011f\u0131n\u0131 vurgulad\u0131.<\/p>\n<p>M\u00fcd\u00fcrl\u00fckten yap\u0131lan a\u00e7\u0131klamada, &#8220;Akdeniz Meyve Sine\u011fi tuzaklar\u0131 denetlenmi\u015f olup zararl\u0131 pop\u00fclasyonunda art\u0131\u015f g\u00f6zlemlenmemi\u015ftir. Turun\u00e7gilde kal\u0131nt\u0131 eylem plan\u0131 \u00e7er\u00e7evesinde \u00fcreticiler ile Ba\u011faras\u0131 beldesinde \u00e7ift\u00e7i toplant\u0131s\u0131 d\u00fczenlenmi\u015ftir&#8221; ifadelerine yer verildi.<br \/><\/p>\n","protected":false},"excerpt":{"rendered":"<p>Ayd\u0131n\u2019\u0131n S\u00f6ke il\u00e7esinde turun\u00e7gil \u00fcreticilerine y\u00f6nelik d\u00fczenlenen \u00e7ift\u00e7i toplant\u0131s\u0131nda, Akdeniz meyve sine\u011fi ile m\u00fccadele ve kal\u0131nt\u0131 eylem plan\u0131 ele al\u0131nd\u0131. S\u00f6ke \u0130l\u00e7e Tar\u0131m ve Orman M\u00fcd\u00fcrl\u00fc\u011f\u00fc ekipleri taraf\u0131ndan Ba\u011faras\u0131 Mahallesi\u2019nde ger\u00e7ekle\u015ftirilen toplant\u0131ya \u00fcreticiler kat\u0131ld\u0131. Uzmanlar, turun\u00e7gil bah\u00e7elerinde yap\u0131lan denetimlerde Akdeniz meyve sine\u011fi pop\u00fclasyonunda art\u0131\u015f g\u00f6zlemlenmedi\u011fini belirterek \u00fcreticilere bilgilendirmelerde bulundu. Toplant\u0131da \u00fcreticilere, zararl\u0131larla m\u00fccadelede do\u011fru y\u00f6ntemlerin&#8230;<\/p>\n","protected":false},"author":1,"featured_media":55339,"comment_status":"open","ping_status":"open","sticky":false,"template":"","format":"standard","meta":{"_crdt_document":"","footnotes":""},"categories":[1],"tags":[],"class_list":["post-55338","post","type-post","status-publish","format-standard","has-post-thumbnail","hentry","category-guncel"],"_links":{"self":[{"href":"https:\/\/www.egemtv.com\/index.php?rest_route=\/wp\/v2\/posts\/55338","targetHints":{"allow":["GET"]}}],"collection":[{"href":"https:\/\/www.egemtv.com\/index.php?rest_route=\/wp\/v2\/posts"}],"about":[{"href":"https:\/\/www.egemtv.com\/index.php?rest_route=\/wp\/v2\/types\/post"}],"author":[{"embeddable":true,"href":"https:\/\/www.egemtv.com\/index.php?rest_route=\/wp\/v2\/users\/1"}],"replies":[{"embeddable":true,"href":"https:\/\/www.egemtv.com\/index.php?rest_route=%2Fwp%2Fv2%2Fcomments&post=55338"}],"version-history":[{"count":1,"href":"https:\/\/www.egemtv.com\/index.php?rest_route=\/wp\/v2\/posts\/55338\/revisions"}],"predecessor-version":[{"id":55340,"href":"https:\/\/www.egemtv.com\/index.php?rest_route=\/wp\/v2\/posts\/55338\/revisions\/55340"}],"wp:featuredmedia":[{"embeddable":true,"href":"https:\/\/www.egemtv.com\/index.php?rest_route=\/wp\/v2\/media\/55339"}],"wp:attachment":[{"href":"https:\/\/www.egemtv.com\/index.php?rest_route=%2Fwp%2Fv2%2Fmedia&parent=55338"}],"wp:term":[{"taxonomy":"category","embeddable":true,"href":"https:\/\/www.egemtv.com\/index.php?rest_route=%2Fwp%2Fv2%2Fcategories&post=55338"},{"taxonomy":"post_tag","embeddable":true,"href":"https:\/\/www.egemtv.com\/index.php?rest_route=%2Fwp%2Fv2%2Ftags&post=55338"}],"curies":[{"name":"wp","href":"https:\/\/api.w.org\/{rel}","templated":true}]}}