{"id":55332,"date":"2025-09-17T10:14:50","date_gmt":"2025-09-17T07:14:50","guid":{"rendered":"https:\/\/www.egemtv.com\/?p=55332"},"modified":"2025-09-17T10:14:50","modified_gmt":"2025-09-17T07:14:50","slug":"sokeli-muhtarlardan-meclis-tepkisi-hizmete-engel-olanlar-hesabini-mutlaka-verir","status":"publish","type":"post","link":"https:\/\/www.egemtv.com\/?p=55332","title":{"rendered":"S\u00f6keli muhtarlardan meclis tepkisi: &#8220;Hizmete engel olanlar hesab\u0131n\u0131 mutlaka verir&#8221;"},"content":{"rendered":"<p>Ayd\u0131n B\u00fcy\u00fck\u015fehir Belediye Meclisi\u2019nde baz\u0131 g\u00fcndem maddelerinin reddedilmesinin ard\u0131ndan S\u00f6keli baz\u0131 muhtarlar a\u00e7\u0131klamada bulunarak, &#8220;Hizmete engel olanlar hesab\u0131n\u0131 mutlaka verir&#8221; a\u00e7\u0131klamas\u0131nda bulundu.<\/p>\n<p>Meclis karar\u0131n\u0131n ard\u0131ndan en b\u00fcy\u00fck tepkiyi do\u011frudan etkilenen muhtarlar g\u00f6sterdi. S\u00f6ke\u2019ye ba\u011fl\u0131 Do\u011fanbey, Atburgaz\u0131, Ak\u00e7akonak ve Tuzburgaz\u0131 mahalle muhtarlar\u0131, Ba\u015fkan \u00d6zlem \u00c7er\u00e7io\u011flu\u2019na tam destek verirken, CHP\u2019li meclis \u00fcyelerine adeta ate\u015f p\u00fcsk\u00fcrd\u00fc.<br \/>\n<br \/>Do\u011fanbey Mahalle Muhtar\u0131 Serdar Sar\u0131kurt, karar\u0131 sert s\u00f6zlerle ele\u015ftirdi: &#8220;Do\u011fanbey halk\u0131 hizmete kar\u015f\u0131 \u00e7\u0131kan ister A, ister B partisi olsun kar\u015f\u0131s\u0131ndad\u0131r. Biz y\u0131llard\u0131r Tuzburgaz\u0131\/Do\u011fanbey yolunun geni\u015flemesi ve yenilenmesini bekliyoruz. B\u00f6lge i\u00e7in \u00f6nemli bir turizm yolu. B\u00fcy\u00fck\u015fehir meclis toplant\u0131s\u0131nda k\u00f6y yollar\u0131n\u0131n yap\u0131m\u0131 maddesini reddeden CHP Meclis \u00dcyelerini k\u0131n\u0131yorum. Ve inan\u0131yorum ki ne olursa olsun \u00d6zlem Ba\u015fkan\u0131m\u0131z yolumuzu yapacakt\u0131r&#8221; dedi.<\/p>\n<p>Atburgaz\u0131 Mahalle Muhtar\u0131 Dilaver Balat, altyap\u0131 \u00e7al\u0131\u015fmalar\u0131n\u0131n tamamland\u0131\u011f\u0131n\u0131 hat\u0131rlatarak tepki g\u00f6sterdi: &#8220;ASK\u0130\u2019nin planl\u0131 altyap\u0131 \u00e7al\u0131\u015fmalar\u0131 tamamland\u0131. Mahallemizin en b\u00fcy\u00fck sorunu yollar\u0131n bozuklu\u011fu. Yakla\u015f\u0131k 5 km asfalt bekliyoruz. Biz bu konu \u00e7\u00f6z\u00fcme kavu\u015facak diye sevinirken, bug\u00fcn CHP\u2019li meclis \u00fcyeleri hizmeti reddediyor. Halka hizmette ki\u015fisel siyaset olmaz&#8221; \u015feklinde konu\u015ftu.<\/p>\n<p>Ak\u00e7akonak Muhtar\u0131 Cemal Karaman da tepkisini \u015f\u00f6yle dile getirdi: &#8220;K\u00f6ylere hizmetin neden engellendi\u011fini anlam\u0131yoruz. Halka ra\u011fmen siyaset olmaz. Biz, hizmeti reddeden de\u011fil halka getiren siyaset\u00e7i istiyoruz. Hizmeti engelleyenler g\u00fcn gelir hesab\u0131n\u0131 \u00f6der&#8221; diye konu\u015ftu.<\/p>\n<p>Tuzburgaz\u0131 Muhtar\u0131 Mutlu Ak\u0131ll\u0131 ise &#8220;Yaz\u0131k, siyaset ayr\u0131, hizmet ayr\u0131 bir i\u015f. Her \u015feye kendi hesab\u0131n\u0131z i\u00e7in ret verirseniz, 3 sene sonra g\u00f6r\u00fc\u015f\u00fcr\u00fcz. Ben bir muhtar de\u011fil, bir vatanda\u015f, bir Ayd\u0131nl\u0131 olarak s\u00f6yl\u00fcyorum. Halk\u0131m\u0131n hizmetlerine kim kar\u015f\u0131 \u00e7\u0131karsa bunun hesab\u0131n\u0131 sand\u0131kta sorar\u0131z. Bu halk gerekti\u011finde yumru\u011fu vurmas\u0131n\u0131 da bilir&#8221; dedi.<br \/><\/p>\n","protected":false},"excerpt":{"rendered":"<p>Ayd\u0131n B\u00fcy\u00fck\u015fehir Belediye Meclisi\u2019nde baz\u0131 g\u00fcndem maddelerinin reddedilmesinin ard\u0131ndan S\u00f6keli baz\u0131 muhtarlar a\u00e7\u0131klamada bulunarak, &#8220;Hizmete engel olanlar hesab\u0131n\u0131 mutlaka verir&#8221; a\u00e7\u0131klamas\u0131nda bulundu. Meclis karar\u0131n\u0131n ard\u0131ndan en b\u00fcy\u00fck tepkiyi do\u011frudan etkilenen muhtarlar g\u00f6sterdi. S\u00f6ke\u2019ye ba\u011fl\u0131 Do\u011fanbey, Atburgaz\u0131, Ak\u00e7akonak ve Tuzburgaz\u0131 mahalle muhtarlar\u0131, Ba\u015fkan \u00d6zlem \u00c7er\u00e7io\u011flu\u2019na tam destek verirken, CHP\u2019li meclis \u00fcyelerine adeta ate\u015f p\u00fcsk\u00fcrd\u00fc. Do\u011fanbey Mahalle&#8230;<\/p>\n","protected":false},"author":1,"featured_media":55333,"comment_status":"open","ping_status":"open","sticky":false,"template":"","format":"standard","meta":{"_crdt_document":"","footnotes":""},"categories":[127],"tags":[],"class_list":["post-55332","post","type-post","status-publish","format-standard","has-post-thumbnail","hentry","category-siyaset"],"_links":{"self":[{"href":"https:\/\/www.egemtv.com\/index.php?rest_route=\/wp\/v2\/posts\/55332","targetHints":{"allow":["GET"]}}],"collection":[{"href":"https:\/\/www.egemtv.com\/index.php?rest_route=\/wp\/v2\/posts"}],"about":[{"href":"https:\/\/www.egemtv.com\/index.php?rest_route=\/wp\/v2\/types\/post"}],"author":[{"embeddable":true,"href":"https:\/\/www.egemtv.com\/index.php?rest_route=\/wp\/v2\/users\/1"}],"replies":[{"embeddable":true,"href":"https:\/\/www.egemtv.com\/index.php?rest_route=%2Fwp%2Fv2%2Fcomments&post=55332"}],"version-history":[{"count":1,"href":"https:\/\/www.egemtv.com\/index.php?rest_route=\/wp\/v2\/posts\/55332\/revisions"}],"predecessor-version":[{"id":55334,"href":"https:\/\/www.egemtv.com\/index.php?rest_route=\/wp\/v2\/posts\/55332\/revisions\/55334"}],"wp:featuredmedia":[{"embeddable":true,"href":"https:\/\/www.egemtv.com\/index.php?rest_route=\/wp\/v2\/media\/55333"}],"wp:attachment":[{"href":"https:\/\/www.egemtv.com\/index.php?rest_route=%2Fwp%2Fv2%2Fmedia&parent=55332"}],"wp:term":[{"taxonomy":"category","embeddable":true,"href":"https:\/\/www.egemtv.com\/index.php?rest_route=%2Fwp%2Fv2%2Fcategories&post=55332"},{"taxonomy":"post_tag","embeddable":true,"href":"https:\/\/www.egemtv.com\/index.php?rest_route=%2Fwp%2Fv2%2Ftags&post=55332"}],"curies":[{"name":"wp","href":"https:\/\/api.w.org\/{rel}","templated":true}]}}