{"id":55329,"date":"2025-09-17T09:34:57","date_gmt":"2025-09-17T06:34:57","guid":{"rendered":"https:\/\/www.egemtv.com\/?p=55329"},"modified":"2025-09-17T09:34:58","modified_gmt":"2025-09-17T06:34:58","slug":"adulu-akademisyen-gastronomi-festivalinde-juri-uyesi-oldu","status":"publish","type":"post","link":"https:\/\/www.egemtv.com\/?p=55329","title":{"rendered":"AD\u00dc\u2019l\u00fc akademisyen Gastronomi Festivali\u2019nde j\u00fcri \u00fcyesi oldu"},"content":{"rendered":"<p>Adnan Menderes \u00dcniversitesi Ku\u015fadas\u0131 Meslek Y\u00fcksekokulu Dr. \u00d6\u011fr. \u00dcyesi Emrah K\u00f6ksal Sezgin, T\u00fcrk gastronomi tarihinde bir ilke imza atarak, Romanya\u2019da d\u00fczenlenen yar\u0131\u015fmada j\u00fcri \u00fcyesi oldu.<\/p>\n<p>Romanya\u2019n\u0131n K\u00f6stence kentinde 9 \u00fclkeden 200\u2019den fazla kat\u0131l\u0131mc\u0131 ile ger\u00e7ekle\u015ftirilen Uluslararas\u0131 Black Sea Fish Festivali\u2019nde j\u00fcri ba\u015fkan\u0131 olarak g\u00f6rev alan Ku\u015fadas\u0131 Meslek Y\u00fcksekokulu Dr. \u00d6\u011fr. \u00dcyesi Emrah K\u00f6ksal Sezgin, T\u00fcrk gastronomi tarihinde bir ilke imza att\u0131. T\u00fcrk mutfa\u011f\u0131n\u0131 uluslararas\u0131 arenada temsil eden bu gurur verici ba\u015far\u0131, bir T\u00fcrk akademisyenin ilk kez uluslararas\u0131 bir gastronomi yar\u0131\u015fmas\u0131nda j\u00fcri ba\u015fkan\u0131 olarak yer almas\u0131yla tarihe ge\u00e7ti. AD\u00dc, bu ba\u015far\u0131yla gastronomi alan\u0131nda T\u00fcrkiye\u2019yi ve T\u00fcrk Mutfa\u011f\u0131\u2019n\u0131 d\u00fcnyaya tan\u0131tmaya devam ediyor.<br \/><\/p>\n","protected":false},"excerpt":{"rendered":"<p>Adnan Menderes \u00dcniversitesi Ku\u015fadas\u0131 Meslek Y\u00fcksekokulu Dr. \u00d6\u011fr. \u00dcyesi Emrah K\u00f6ksal Sezgin, T\u00fcrk gastronomi tarihinde bir ilke imza atarak, Romanya\u2019da d\u00fczenlenen yar\u0131\u015fmada j\u00fcri \u00fcyesi oldu. Romanya\u2019n\u0131n K\u00f6stence kentinde 9 \u00fclkeden 200\u2019den fazla kat\u0131l\u0131mc\u0131 ile ger\u00e7ekle\u015ftirilen Uluslararas\u0131 Black Sea Fish Festivali\u2019nde j\u00fcri ba\u015fkan\u0131 olarak g\u00f6rev alan Ku\u015fadas\u0131 Meslek Y\u00fcksekokulu Dr. \u00d6\u011fr. \u00dcyesi Emrah K\u00f6ksal Sezgin, T\u00fcrk&#8230;<\/p>\n","protected":false},"author":1,"featured_media":55330,"comment_status":"open","ping_status":"open","sticky":false,"template":"","format":"standard","meta":{"_crdt_document":"","footnotes":""},"categories":[1],"tags":[],"class_list":["post-55329","post","type-post","status-publish","format-standard","has-post-thumbnail","hentry","category-guncel"],"_links":{"self":[{"href":"https:\/\/www.egemtv.com\/index.php?rest_route=\/wp\/v2\/posts\/55329","targetHints":{"allow":["GET"]}}],"collection":[{"href":"https:\/\/www.egemtv.com\/index.php?rest_route=\/wp\/v2\/posts"}],"about":[{"href":"https:\/\/www.egemtv.com\/index.php?rest_route=\/wp\/v2\/types\/post"}],"author":[{"embeddable":true,"href":"https:\/\/www.egemtv.com\/index.php?rest_route=\/wp\/v2\/users\/1"}],"replies":[{"embeddable":true,"href":"https:\/\/www.egemtv.com\/index.php?rest_route=%2Fwp%2Fv2%2Fcomments&post=55329"}],"version-history":[{"count":1,"href":"https:\/\/www.egemtv.com\/index.php?rest_route=\/wp\/v2\/posts\/55329\/revisions"}],"predecessor-version":[{"id":55331,"href":"https:\/\/www.egemtv.com\/index.php?rest_route=\/wp\/v2\/posts\/55329\/revisions\/55331"}],"wp:featuredmedia":[{"embeddable":true,"href":"https:\/\/www.egemtv.com\/index.php?rest_route=\/wp\/v2\/media\/55330"}],"wp:attachment":[{"href":"https:\/\/www.egemtv.com\/index.php?rest_route=%2Fwp%2Fv2%2Fmedia&parent=55329"}],"wp:term":[{"taxonomy":"category","embeddable":true,"href":"https:\/\/www.egemtv.com\/index.php?rest_route=%2Fwp%2Fv2%2Fcategories&post=55329"},{"taxonomy":"post_tag","embeddable":true,"href":"https:\/\/www.egemtv.com\/index.php?rest_route=%2Fwp%2Fv2%2Ftags&post=55329"}],"curies":[{"name":"wp","href":"https:\/\/api.w.org\/{rel}","templated":true}]}}