{"id":55323,"date":"2025-09-17T09:15:12","date_gmt":"2025-09-17T06:15:12","guid":{"rendered":"https:\/\/www.egemtv.com\/?p=55323"},"modified":"2025-09-17T09:15:13","modified_gmt":"2025-09-17T06:15:13","slug":"germencik-incir-festivali-icin-geri-sayim-basladi","status":"publish","type":"post","link":"https:\/\/www.egemtv.com\/?p=55323","title":{"rendered":"Germencik \u0130ncir Festivali i\u00e7in geri say\u0131m ba\u015flad\u0131"},"content":{"rendered":"<p>Ayd\u0131n\u2019\u0131n \u00f6nemli incir \u00fcretim merkezlerinden olan Germencik il\u00e7esinde bu y\u0131l 21.\u2019si ger\u00e7ekle\u015ftirilecek olan Germencik \u0130ncir Festivali i\u00e7in geri say\u0131m ba\u015flarken, festivalde adeta \u2018y\u0131ld\u0131zlar ge\u00e7idi\u2019 ya\u015fanacak.<\/p>\n<p>D\u00fcnya incir \u00fcretiminin lideri Ayd\u0131n\u2019\u0131n incirin ba\u015fkenti Germencik\u2019te hasat sezonu, 22 &#8211; 28 Eyl\u00fcl tarihleri aras\u0131nda ger\u00e7ekle\u015fecek olan 21. Germencik \u0130ncir Festivali ile ta\u00e7lanacak. Germencik Belediye Ba\u015fkan\u0131 Burak Zencirci; &#8220;D\u00fcnyan\u0131n incirini \u00fcreten, incirin ba\u015fkenti Germencik\u2019e yak\u0131\u015fan, 1 hafta boyunca s\u00fcrecek olan, co\u015fku ve e\u011flence dolu bir festival haz\u0131rlad\u0131k&#8221; dedi. 22 Eyl\u00fcl\u2019de hediye \u00e7eki s\u00fcrprizli balon u\u00e7urma ve festival kortejiyle ba\u015flayacak olan festival kapsam\u0131nda 1 hafta boyunca panay\u0131r, al\u0131\u015fveri\u015f stantlar\u0131, fuar, \u00e7ocuk etkinlikleri k\u00f6y pazar\u0131 gibi g\u00fcnd\u00fcz ve gece devam edecek olan etkinliklere ev sahipli\u011fi yapacak. S\u00f6yle\u015fi, incir tad\u0131m yar\u0131\u015fmas\u0131 ve Master Chef Yar\u0131\u015fmas\u0131 gibi \u00f6zel etkinliklere de sahne olacak festivalin son 3 g\u00fcn\u00fcnde \u00fcnl\u00fc sanat\u00e7\u0131lar Germenciklilerle bulu\u015facak. 26 Eyl\u00fcl\u2019de Ece Se\u00e7kin, 27 Eyl\u00fcl\u2019de \u00c7akal ve 28 Eyl\u00fcl\u2019de Simge Sa\u011f\u0131n sahne alacak. Festivalin moderat\u00f6rl\u00fc\u011f\u00fcn\u00fc ise \u00fcnl\u00fc sunucu Alp K\u0131r\u015fan yapacak.<\/p>\n<p>Festivalin s\u00fcrprizi trakt\u00f6r \u00e7ekili\u015fi<br \/>\n<br \/>Bu y\u0131l 21.\u2019si d\u00fczenlenecek olan festivalin ge\u00e7mi\u015f t\u00fcm festivallerden daha kapsaml\u0131 ve farkl\u0131 olaca\u011f\u0131n\u0131n alt\u0131n\u0131 \u00e7izen Germencik Belediye Ba\u015fkan\u0131 Burak Zencirci festival \u00e7er\u00e7evesinde trakt\u00f6r \u00e7ekili\u015fi yap\u0131laca\u011f\u0131n\u0131 s\u00f6yledi. Ba\u015fkan Zencirci; &#8220;Milli Piyango \u0130daresi izniyle bu festivalimizin ad\u0131na ve maksad\u0131na yak\u0131\u015fan bir \u00e7ekili\u015f planlad\u0131k. Her \u015feyden \u00f6nce bu bir tar\u0131m festivali ve bu festivale en uygun olacak \u015fekilde trakt\u00f6r verelim dedik. \u00c7ekili\u015f \u00e7er\u00e7evesinde bir \u015fansl\u0131 vatanda\u015f\u0131m\u0131za trakt\u00f6r hediye edece\u011fiz&#8221; dedi.<\/p>\n<p>Germencik Belediye Ba\u015fkan\u0131 Burak Zencirci incir festivali ile ilgili olarak &#8220;Amac\u0131m\u0131z elbette halk\u0131m\u0131z\u0131n e\u011flenmesi ama \u00f6ncelikli hedefimiz incirin katma de\u011ferinin, \u00f6neminin, k\u0131ymetinin artt\u0131r\u0131lmas\u0131d\u0131r. Bir festival insanlar\u0131n e\u011flenmesi, g\u00fczel ve co\u015fku dolu vakit ge\u00e7irmesi i\u00e7in tertiplenir. Bizler de bunun hedefliyoruz ancak ama\u00e7 burada konser verdik, etkinlik d\u00fczenledik, g\u00fcld\u00fck, e\u011flendik evlere da\u011f\u0131ld\u0131k de\u011fil. Elbette halk\u0131m\u0131z\u0131n keyifli vakit ge\u00e7irip e\u011flenmesi bir nebze de olsa hayat\u0131n stresinden, derdinden uzakla\u015fmas\u0131 bizim i\u00e7in en b\u00fcy\u00fck mutluluk. Ama hepsinden \u00f6nce varl\u0131\u011f\u0131yla bize bu festivali yapma \u015fans\u0131 veren, halk\u0131n birincil ge\u00e7im kayna\u011f\u0131 olarak d\u00fc\u011f\u00fcn\u00fcn\u00fc derne\u011fini yapan, \u00e7ocuklar\u0131n\u0131 yeti\u015ftiren okutan, hayatlar\u0131n\u0131 idame ettiren o e\u015fsiz \u00fcr\u00fcn\u00fcn yani incirin katma de\u011ferini artt\u0131rmakt\u0131r. T\u00fcm vatanda\u015flar\u0131m\u0131z\u0131 davet ediyor, \u015fimdiden keyif ve e\u011flence dolu bir festival olmas\u0131n\u0131 diliyorum&#8221; dedi.<br \/><\/p>\n","protected":false},"excerpt":{"rendered":"<p>Ayd\u0131n\u2019\u0131n \u00f6nemli incir \u00fcretim merkezlerinden olan Germencik il\u00e7esinde bu y\u0131l 21.\u2019si ger\u00e7ekle\u015ftirilecek olan Germencik \u0130ncir Festivali i\u00e7in geri say\u0131m ba\u015flarken, festivalde adeta \u2018y\u0131ld\u0131zlar ge\u00e7idi\u2019 ya\u015fanacak. D\u00fcnya incir \u00fcretiminin lideri Ayd\u0131n\u2019\u0131n incirin ba\u015fkenti Germencik\u2019te hasat sezonu, 22 &#8211; 28 Eyl\u00fcl tarihleri aras\u0131nda ger\u00e7ekle\u015fecek olan 21. Germencik \u0130ncir Festivali ile ta\u00e7lanacak. Germencik Belediye Ba\u015fkan\u0131 Burak Zencirci; &#8220;D\u00fcnyan\u0131n&#8230;<\/p>\n","protected":false},"author":1,"featured_media":55324,"comment_status":"open","ping_status":"open","sticky":false,"template":"","format":"standard","meta":{"_crdt_document":"","footnotes":""},"categories":[1],"tags":[],"class_list":["post-55323","post","type-post","status-publish","format-standard","has-post-thumbnail","hentry","category-guncel"],"_links":{"self":[{"href":"https:\/\/www.egemtv.com\/index.php?rest_route=\/wp\/v2\/posts\/55323","targetHints":{"allow":["GET"]}}],"collection":[{"href":"https:\/\/www.egemtv.com\/index.php?rest_route=\/wp\/v2\/posts"}],"about":[{"href":"https:\/\/www.egemtv.com\/index.php?rest_route=\/wp\/v2\/types\/post"}],"author":[{"embeddable":true,"href":"https:\/\/www.egemtv.com\/index.php?rest_route=\/wp\/v2\/users\/1"}],"replies":[{"embeddable":true,"href":"https:\/\/www.egemtv.com\/index.php?rest_route=%2Fwp%2Fv2%2Fcomments&post=55323"}],"version-history":[{"count":1,"href":"https:\/\/www.egemtv.com\/index.php?rest_route=\/wp\/v2\/posts\/55323\/revisions"}],"predecessor-version":[{"id":55325,"href":"https:\/\/www.egemtv.com\/index.php?rest_route=\/wp\/v2\/posts\/55323\/revisions\/55325"}],"wp:featuredmedia":[{"embeddable":true,"href":"https:\/\/www.egemtv.com\/index.php?rest_route=\/wp\/v2\/media\/55324"}],"wp:attachment":[{"href":"https:\/\/www.egemtv.com\/index.php?rest_route=%2Fwp%2Fv2%2Fmedia&parent=55323"}],"wp:term":[{"taxonomy":"category","embeddable":true,"href":"https:\/\/www.egemtv.com\/index.php?rest_route=%2Fwp%2Fv2%2Fcategories&post=55323"},{"taxonomy":"post_tag","embeddable":true,"href":"https:\/\/www.egemtv.com\/index.php?rest_route=%2Fwp%2Fv2%2Ftags&post=55323"}],"curies":[{"name":"wp","href":"https:\/\/api.w.org\/{rel}","templated":true}]}}