{"id":55320,"date":"2025-09-16T22:14:51","date_gmt":"2025-09-16T19:14:51","guid":{"rendered":"https:\/\/www.egemtv.com\/?p=55320"},"modified":"2025-09-16T22:14:52","modified_gmt":"2025-09-16T19:14:52","slug":"aydin-buyuksehir-belediye-meclisi-2-defa-ertelendi","status":"publish","type":"post","link":"https:\/\/www.egemtv.com\/?p=55320","title":{"rendered":"Ayd\u0131n B\u00fcy\u00fck\u015fehir Belediye Meclisi 2. defa ertelendi"},"content":{"rendered":"<p>Ayd\u0131n\u2019da ge\u00e7ti\u011fimiz hafta ya\u015fanan arbedelerden dolay\u0131 ertelenen ve bug\u00fcn \u00d6zlem \u00c7er\u00e7io\u011flu ba\u015fkanl\u0131\u011f\u0131nda ger\u00e7ekle\u015ftirilen Ayd\u0131n B\u00fcy\u00fck\u015fehir Belediye Meclisi, ya\u015fanan gerginlik sebebiyle ikinci kez ertelendi.<\/p>\n<p>Ayd\u0131n B\u00fcy\u00fck\u015fehir Belediye Ba\u015fkan\u0131 \u00d6zlem \u00c7er\u00e7io\u011flu\u2019nun ge\u00e7ti\u011fimiz ay Cumhuriyet Halk Partisi\u2019nden (CHP) istifa edip Adalet ve Kalk\u0131nma Partisi\u2019ne (AK Parti) kat\u0131lmas\u0131 ile ba\u015flayan meclis krizi bug\u00fcn de \u00e7\u00f6z\u00fclemedi. 12 Eyl\u00fcl Cuma g\u00fcn\u00fc ger\u00e7ekle\u015ftirilen oturumda Ayd\u0131n B\u00fcy\u00fck\u015fehir Belediye Ba\u015fkan\u0131 \u00d6zlem \u00c7er\u00e7io\u011flu\u2019nun partilerinden istifa etmesini protesto eden CHP\u2019liler ile protestoya kar\u015f\u0131l\u0131k veren AK Partili taraflar aras\u0131nda ya\u015fanan arbede nedeniyle oturum 16 Eyl\u00fcl\u2019e ertelenmi\u015fti. Oturum \u00f6ncesi Ayd\u0131n B\u00fcy\u00fck\u015fehir Belediyesi \u00f6n\u00fcnde al\u0131nan geni\u015f g\u00fcvenlik \u00f6nlemlerine ra\u011fmen Belediye Meclisi\u2019nde ya\u015fanan gerginlikler nedeniyle oturum bug\u00fcn de ger\u00e7ekle\u015ftirilemedi. Meclis Ba\u015fkan\u0131 \u00d6zlem \u00c7er\u00e7io\u011flu uzun s\u00fcren tart\u0131\u015fma ve gerginlikler nedeniyle oturumu 14 Ekim Sal\u0131 g\u00fcn\u00fc saat 18.00\u2019e erteledi.<\/p>\n<p>Bug\u00fcn saat 18.00\u2019de ba\u015flayacak olan oturum \u00f6ncesi Ayd\u0131n Emniyet M\u00fcd\u00fcrl\u00fc\u011f\u00fc taraf\u0131ndan Ayd\u0131n B\u00fcy\u00fck\u015fehir Belediye binas\u0131 giri\u015fi barikatla \u00e7evrilerek t\u00fcm giri\u015fler kontrol alt\u0131na al\u0131nd\u0131. Buna ra\u011fmen meclis salonunun h\u0131ncah\u0131n\u00e7 doldu\u011fu Ayd\u0131n B\u00fcy\u00fck\u015fehir Belediye Meclisi Eyl\u00fcl ay\u0131 toplant\u0131s\u0131 belediye meclis salonunda ger\u00e7ekle\u015ftirildi. Polis ekiplerinin bina d\u0131\u015f\u0131nda ve i\u00e7erisinde ald\u0131klar\u0131 geni\u015f g\u00fcvenlik \u00f6nlemleri aras\u0131nda ger\u00e7ekle\u015ftirilen toplant\u0131ya Ayd\u0131n B\u00fcy\u00fck\u015fehir Belediye Ba\u015fkan\u0131 \u00d6zlem \u00c7er\u00e7io\u011flu ba\u015fkanl\u0131k etti. G\u00fcndem maddelerinin g\u00f6r\u00fc\u015f\u00fcld\u00fc\u011f\u00fc toplant\u0131da CHP\u2019li \u00fcyelerin ek g\u00fcndem maddesi taleplerinin Ba\u015fkan \u00c7er\u00e7io\u011flu taraf\u0131ndan kabul g\u00f6rmemesi mecliste tansiyonu y\u00fckselten ilk durum olurken, CHP grubu komisyonlara sevk edilmesi \u00f6nerilen maddelere ret oyu verdi.<\/p>\n<p>Ya\u015fanan durum sonras\u0131 CHP Grup Ba\u015fkan Vekili \u00d6mer G\u00fcnel ve \u00d6zlem \u00c7er\u00e7io\u011flu aras\u0131nda s\u0131k s\u0131k k\u0131sa s\u00fcreli gerginlik ya\u015fand\u0131. \u00c7er\u00e7io\u011flu G\u00fcnel\u2019e, &#8220;Hepimiz t\u00fcm belediye ba\u015fkanlar\u0131 ve meclis \u00fcyeleri hizmet i\u00e7in buraday\u0131z ve Ayd\u0131n\u2019a hizmet etmekle m\u00fckellefiz. Burada ret oylar\u0131n\u0131z ge\u00e7erli de\u011fil. Belediye ba\u015fkanl\u0131\u011f\u0131 yapm\u0131\u015fs\u0131n\u0131z ancak nas\u0131l belediye y\u00f6netildi\u011fini \u00f6\u011frenmemi\u015fsiniz. Ayd\u0131n\u2019a yap\u0131lacak hizmetleri diyorum ki, komisyonlarda g\u00f6r\u00fc\u015f\u00fcls\u00fcn. K\u00f6ylere yol yapaca\u011f\u0131z. Yeni D\u00f6rtyol Kav\u015fa\u011f\u0131\u2019na k\u00f6pr\u00fcl\u00fc kav\u015fak yapaca\u011f\u0131z. Yeni D\u00f6rtyol Kav\u015fa\u011f\u0131\u2019na k\u00f6pr\u00fcl\u00fc kav\u015fak yapaca\u011f\u0131z diyoruz komisyonda g\u00f6r\u00fc\u015f\u00fclmesin diyorlar. \u0130mar Komisyonu, Plan ve B\u00fct\u00e7e Komisyonu \u00f6zel komisyonlard\u0131r ve mutlaka komisyona gitmek zorundad\u0131r. Belediye meclisi \u00e7al\u0131\u015fma y\u00f6netmeli\u011fi 8\u2019inci maddesinde bu a\u00e7\u0131k\u00e7a belirtilmi\u015ftir. Siz kararlara ret vererek Ayd\u0131n\u2019a hizmeti engelliyorsunuz&#8221; dedi.<\/p>\n<p>Oturuma ara verildi<br \/>\n<br \/>Ya\u015fanan gerginli\u011fin ard\u0131ndan Ba\u015fkan \u00c7er\u00e7io\u011flu oturuma 10 dakika ara verdi. Aran\u0131n ard\u0131ndan geri d\u00f6nerek koltu\u011funa oturan Ba\u015fkan \u00c7er\u00e7io\u011flu, CHP\u2019li belediye ba\u015fkanlar\u0131n\u0131n ve baz\u0131 \u00fcyelerin yerinde olmad\u0131\u011f\u0131n\u0131 fark etti. Meclis \u00fcyelerine seslenerek salonda bulunmayanlara telefon a\u00e7\u0131larak haber verilmesini isteyen \u00c7er\u00e7io\u011flu\u2019na Ba\u015fkan Vekili Polat Bora Mersin, &#8220;Siz devam edin, sabaha kadar burada beklemeyelim. Kendileri hizmete kar\u015f\u0131lar, belki de gelmeyeceklerdir&#8221; ifadelerini kulland\u0131.<\/p>\n<p>Sloganlar y\u00fckselince meclis ertelendi<br \/>\n<br \/>Mersin\u2019in s\u00f6zlerinin ard\u0131ndan CHP\u2019li meclis \u00fcyeleri salona geri d\u00f6nd\u00fc. CHP\u2019li \u00fcyeler ve \u00c7er\u00e7io\u011flu aras\u0131nda tansiyon y\u00fckselirken, salondan CHP\u2019li meclis \u00fcyeleri aleyhine sloganlar y\u00fckseldi. Ba\u015fkan \u00c7er\u00e7io\u011flu bu durum \u00fczerine, &#8220;Ben bu meclisi bu \u015fekilde y\u00f6netemem&#8221; diyerek toplant\u0131y\u0131 14 Ekim Sal\u0131 g\u00fcn\u00fc saat 18.00\u2019e erteledi\u011fini duyurarak oturumu kapatt\u0131.<br \/><\/p>\n","protected":false},"excerpt":{"rendered":"<p>Ayd\u0131n\u2019da ge\u00e7ti\u011fimiz hafta ya\u015fanan arbedelerden dolay\u0131 ertelenen ve bug\u00fcn \u00d6zlem \u00c7er\u00e7io\u011flu ba\u015fkanl\u0131\u011f\u0131nda ger\u00e7ekle\u015ftirilen Ayd\u0131n B\u00fcy\u00fck\u015fehir Belediye Meclisi, ya\u015fanan gerginlik sebebiyle ikinci kez ertelendi. Ayd\u0131n B\u00fcy\u00fck\u015fehir Belediye Ba\u015fkan\u0131 \u00d6zlem \u00c7er\u00e7io\u011flu\u2019nun ge\u00e7ti\u011fimiz ay Cumhuriyet Halk Partisi\u2019nden (CHP) istifa edip Adalet ve Kalk\u0131nma Partisi\u2019ne (AK Parti) kat\u0131lmas\u0131 ile ba\u015flayan meclis krizi bug\u00fcn de \u00e7\u00f6z\u00fclemedi. 12 Eyl\u00fcl Cuma g\u00fcn\u00fc&#8230;<\/p>\n","protected":false},"author":1,"featured_media":55321,"comment_status":"open","ping_status":"open","sticky":false,"template":"","format":"standard","meta":{"_crdt_document":"","footnotes":""},"categories":[1],"tags":[],"class_list":["post-55320","post","type-post","status-publish","format-standard","has-post-thumbnail","hentry","category-guncel"],"_links":{"self":[{"href":"https:\/\/www.egemtv.com\/index.php?rest_route=\/wp\/v2\/posts\/55320","targetHints":{"allow":["GET"]}}],"collection":[{"href":"https:\/\/www.egemtv.com\/index.php?rest_route=\/wp\/v2\/posts"}],"about":[{"href":"https:\/\/www.egemtv.com\/index.php?rest_route=\/wp\/v2\/types\/post"}],"author":[{"embeddable":true,"href":"https:\/\/www.egemtv.com\/index.php?rest_route=\/wp\/v2\/users\/1"}],"replies":[{"embeddable":true,"href":"https:\/\/www.egemtv.com\/index.php?rest_route=%2Fwp%2Fv2%2Fcomments&post=55320"}],"version-history":[{"count":1,"href":"https:\/\/www.egemtv.com\/index.php?rest_route=\/wp\/v2\/posts\/55320\/revisions"}],"predecessor-version":[{"id":55322,"href":"https:\/\/www.egemtv.com\/index.php?rest_route=\/wp\/v2\/posts\/55320\/revisions\/55322"}],"wp:featuredmedia":[{"embeddable":true,"href":"https:\/\/www.egemtv.com\/index.php?rest_route=\/wp\/v2\/media\/55321"}],"wp:attachment":[{"href":"https:\/\/www.egemtv.com\/index.php?rest_route=%2Fwp%2Fv2%2Fmedia&parent=55320"}],"wp:term":[{"taxonomy":"category","embeddable":true,"href":"https:\/\/www.egemtv.com\/index.php?rest_route=%2Fwp%2Fv2%2Fcategories&post=55320"},{"taxonomy":"post_tag","embeddable":true,"href":"https:\/\/www.egemtv.com\/index.php?rest_route=%2Fwp%2Fv2%2Ftags&post=55320"}],"curies":[{"name":"wp","href":"https:\/\/api.w.org\/{rel}","templated":true}]}}