{"id":55317,"date":"2025-09-16T21:54:45","date_gmt":"2025-09-16T18:54:45","guid":{"rendered":"https:\/\/www.egemtv.com\/?p=55317"},"modified":"2025-09-16T21:54:46","modified_gmt":"2025-09-16T18:54:46","slug":"sarigol-chp-kongresi-yapildi","status":"publish","type":"post","link":"https:\/\/www.egemtv.com\/?p=55317","title":{"rendered":"Sar\u0131g\u00f6l CHP Kongresi yap\u0131ld\u0131"},"content":{"rendered":"<p>Sar\u0131g\u00f6l Cumhuriyet Halk Partisi (CHP) \u0130l\u00e7e Kongresi yap\u0131ld\u0131. \u0130ki aday\u0131n yar\u0131\u015ft\u0131\u011f\u0131 se\u00e7imde mevcut Ba\u015fkan Nuri Sar\u0131 g\u00fcven tazeledi.<br \/>\n<br \/>Sar\u0131g\u00f6l Belediyesi D\u00fc\u011f\u00fcn Salonu\u2019nda ger\u00e7ekle\u015ftirilen il\u00e7e kongresine iki aday listesi ile girildi. Mevcut Ba\u015fkan Nuri Sar\u0131\u2019n\u0131n kar\u015f\u0131s\u0131na H\u00fcseyin Y\u0131ld\u0131r\u0131m aday oldu.<br \/>\n<br \/>Kongrede bir konu\u015fma yapan CHP Manisa \u0130l Ba\u015fkan\u0131 \u0130lksen \u00d6zalper, &#8220;Sar\u0131g\u00f6l \u0130l\u00e7e Kongremizde yol arkada\u015flar\u0131m\u0131zla bir araday\u0131z. Mevcut \u0130l\u00e7e Ba\u015fkan\u0131m\u0131z Nuri Sar\u0131 ve de\u011ferli yol arkada\u015f\u0131m\u0131z H\u00fcseyin Y\u0131ld\u0131r\u0131m\u2019\u0131n aday oldu\u011fu bu demokratik s\u00fcre\u00e7te kazanan\u0131n her zaman \u00f6rg\u00fct\u00fcm\u00fcz olaca\u011f\u0131na y\u00fcrekten inan\u0131yoruz. Kongremizi birlik ve dayan\u0131\u015fma duygular\u0131yla tamamlayacak; Sar\u0131g\u00f6l\u2019de, Manisa\u2019da ve T\u00fcrkiye\u2019de umudu b\u00fcy\u00fctmeye devam edece\u011fiz&#8221; dedi.<br \/>\n<br \/>Sar\u0131g\u00f6l CHP \u0130l\u00e7e Kongresi\u2019ne CHP Manisa \u0130l Ba\u015fkan\u0131 \u0130lksen \u00d6zalper\u2019in yan\u0131 s\u0131ra Manisa Milletvekilleri Bekir Ba\u015fevirgen, Sema Aliye Kavak ve Ahmet Vehbi Bak\u0131rl\u0131o\u011flu da kat\u0131ld\u0131.<br \/>\n<br \/>Kongre sonunda yap\u0131lan se\u00e7imde Nuri Sar\u0131 104 oy al\u0131rken, H\u00fcseyin Y\u0131ld\u0131r\u0131m 31 oyda kald\u0131. 2 oyun ge\u00e7ersiz say\u0131ld\u0131\u011f\u0131 kongrede mevcut ba\u015fkan Nuri Sar\u0131 g\u00fcven tazeledi.<br \/><\/p>\n","protected":false},"excerpt":{"rendered":"<p>Sar\u0131g\u00f6l Cumhuriyet Halk Partisi (CHP) \u0130l\u00e7e Kongresi yap\u0131ld\u0131. \u0130ki aday\u0131n yar\u0131\u015ft\u0131\u011f\u0131 se\u00e7imde mevcut Ba\u015fkan Nuri Sar\u0131 g\u00fcven tazeledi. Sar\u0131g\u00f6l Belediyesi D\u00fc\u011f\u00fcn Salonu\u2019nda ger\u00e7ekle\u015ftirilen il\u00e7e kongresine iki aday listesi ile girildi. Mevcut Ba\u015fkan Nuri Sar\u0131\u2019n\u0131n kar\u015f\u0131s\u0131na H\u00fcseyin Y\u0131ld\u0131r\u0131m aday oldu. Kongrede bir konu\u015fma yapan CHP Manisa \u0130l Ba\u015fkan\u0131 \u0130lksen \u00d6zalper, &#8220;Sar\u0131g\u00f6l \u0130l\u00e7e Kongremizde yol arkada\u015flar\u0131m\u0131zla bir&#8230;<\/p>\n","protected":false},"author":1,"featured_media":55318,"comment_status":"open","ping_status":"open","sticky":false,"template":"","format":"standard","meta":{"_crdt_document":"","footnotes":""},"categories":[127],"tags":[],"class_list":["post-55317","post","type-post","status-publish","format-standard","has-post-thumbnail","hentry","category-siyaset"],"_links":{"self":[{"href":"https:\/\/www.egemtv.com\/index.php?rest_route=\/wp\/v2\/posts\/55317","targetHints":{"allow":["GET"]}}],"collection":[{"href":"https:\/\/www.egemtv.com\/index.php?rest_route=\/wp\/v2\/posts"}],"about":[{"href":"https:\/\/www.egemtv.com\/index.php?rest_route=\/wp\/v2\/types\/post"}],"author":[{"embeddable":true,"href":"https:\/\/www.egemtv.com\/index.php?rest_route=\/wp\/v2\/users\/1"}],"replies":[{"embeddable":true,"href":"https:\/\/www.egemtv.com\/index.php?rest_route=%2Fwp%2Fv2%2Fcomments&post=55317"}],"version-history":[{"count":1,"href":"https:\/\/www.egemtv.com\/index.php?rest_route=\/wp\/v2\/posts\/55317\/revisions"}],"predecessor-version":[{"id":55319,"href":"https:\/\/www.egemtv.com\/index.php?rest_route=\/wp\/v2\/posts\/55317\/revisions\/55319"}],"wp:featuredmedia":[{"embeddable":true,"href":"https:\/\/www.egemtv.com\/index.php?rest_route=\/wp\/v2\/media\/55318"}],"wp:attachment":[{"href":"https:\/\/www.egemtv.com\/index.php?rest_route=%2Fwp%2Fv2%2Fmedia&parent=55317"}],"wp:term":[{"taxonomy":"category","embeddable":true,"href":"https:\/\/www.egemtv.com\/index.php?rest_route=%2Fwp%2Fv2%2Fcategories&post=55317"},{"taxonomy":"post_tag","embeddable":true,"href":"https:\/\/www.egemtv.com\/index.php?rest_route=%2Fwp%2Fv2%2Ftags&post=55317"}],"curies":[{"name":"wp","href":"https:\/\/api.w.org\/{rel}","templated":true}]}}