{"id":55314,"date":"2025-09-16T20:14:48","date_gmt":"2025-09-16T17:14:48","guid":{"rendered":"https:\/\/www.egemtv.com\/?p=55314"},"modified":"2025-09-16T20:14:49","modified_gmt":"2025-09-16T17:14:49","slug":"verdigi-hukuk-mucadelesiyle-28-yil-sonra-gazi-sayildi","status":"publish","type":"post","link":"https:\/\/www.egemtv.com\/?p=55314","title":{"rendered":"Verdi\u011fi hukuk m\u00fccadelesiyle 28 y\u0131l sonra gazi say\u0131ld\u0131"},"content":{"rendered":"<p>Tunceli\u2019de vatani g\u00f6revini yaparken operasyonda rahats\u0131zlanan ve terhis edilen E\u015fref Karaya\u011f\u0131z, yakla\u015f\u0131k 1 y\u0131ld\u0131r verdi\u011fi hukuk m\u00fccadelesini kazanarak gazi unvan\u0131na kavu\u015ftu.<br \/>\n<br \/>49 ya\u015f\u0131ndaki E\u015fref Karaya\u011f\u0131z, askerlik hizmetini Tunceli\u2019de \u00e7avu\u015f olarak yaparken b\u00f6l\u00fcc\u00fc ter\u00f6r \u00f6rg\u00fct\u00fc mensubu ter\u00f6ristler ile m\u00fccadele esnas\u0131nda 1 Aral\u0131k 1997 tarihinde rahats\u0131zlanmas\u0131 sonucu tedavi alt\u0131na al\u0131nd\u0131. Tedaviler sonucu hakk\u0131nda kesin i\u015flem raporu d\u00fczenlenerek 1997 tarihinde birli\u011fi taraf\u0131ndan terhis edilen E\u015fref Karaya\u011f\u0131z, askerlik hizmetinden mahrum say\u0131lmas\u0131na ra\u011fmen gazilik haklar\u0131n\u0131 alamad\u0131. Karaya\u011f\u0131z 1 y\u0131l \u00f6nce gazilik hakk\u0131na kavu\u015fmak i\u00e7in T\u00fcrkiye Harp Malul\u00fc Gaziler \u015eehit Dul ve Yetimleri Derne\u011fi Afyonkarahisar \u015eube Ba\u015fkan\u0131 \u0130smail Kumarta\u015fl\u0131\u2019ya konuyu anlatt\u0131. A\u00e7\u0131lan davalar sonucunda Karaya\u011f\u0131z hukuk m\u00fccadelesini kazand\u0131 ve gazilik unvan\u0131n\u0131 28 y\u0131l sonra ald\u0131.<br \/>\n<br \/>Konuyla ilgili a\u00e7\u0131klama yapan Dernek Ba\u015fkan\u0131 Kumarta\u015fl\u0131, &#8220;Avukat\u0131m\u0131z Serpil \u00d6zt\u00fcrk arac\u0131l\u0131\u011f\u0131 ile yakla\u015f\u0131k bir y\u0131ld\u0131r verdi\u011fimiz hukuk m\u00fccadelesini kazand\u0131k. E\u015fref Karaya\u011f\u0131z\u2019\u0131n 28 y\u0131l sonra ordu vazife malul\u00fc gazi olarak hak kazanmas\u0131 i\u00e7in a\u00e7t\u0131\u011f\u0131m\u0131z davay\u0131 kazand\u0131k&#8221; dedi.<br \/>\n<br \/>Karaya\u011f\u0131z, 28 y\u0131l sonra ald\u0131\u011f\u0131 gazilik unvan\u0131yla Afyonkarahisar\u2019\u0131n 268\u2019inci \u00fcyesi oldu.<br \/><\/p>\n","protected":false},"excerpt":{"rendered":"<p>Tunceli\u2019de vatani g\u00f6revini yaparken operasyonda rahats\u0131zlanan ve terhis edilen E\u015fref Karaya\u011f\u0131z, yakla\u015f\u0131k 1 y\u0131ld\u0131r verdi\u011fi hukuk m\u00fccadelesini kazanarak gazi unvan\u0131na kavu\u015ftu. 49 ya\u015f\u0131ndaki E\u015fref Karaya\u011f\u0131z, askerlik hizmetini Tunceli\u2019de \u00e7avu\u015f olarak yaparken b\u00f6l\u00fcc\u00fc ter\u00f6r \u00f6rg\u00fct\u00fc mensubu ter\u00f6ristler ile m\u00fccadele esnas\u0131nda 1 Aral\u0131k 1997 tarihinde rahats\u0131zlanmas\u0131 sonucu tedavi alt\u0131na al\u0131nd\u0131. Tedaviler sonucu hakk\u0131nda kesin i\u015flem raporu d\u00fczenlenerek&#8230;<\/p>\n","protected":false},"author":1,"featured_media":55315,"comment_status":"open","ping_status":"open","sticky":false,"template":"","format":"standard","meta":{"_crdt_document":"","footnotes":""},"categories":[123],"tags":[],"class_list":["post-55314","post","type-post","status-publish","format-standard","has-post-thumbnail","hentry","category-gundem"],"_links":{"self":[{"href":"https:\/\/www.egemtv.com\/index.php?rest_route=\/wp\/v2\/posts\/55314","targetHints":{"allow":["GET"]}}],"collection":[{"href":"https:\/\/www.egemtv.com\/index.php?rest_route=\/wp\/v2\/posts"}],"about":[{"href":"https:\/\/www.egemtv.com\/index.php?rest_route=\/wp\/v2\/types\/post"}],"author":[{"embeddable":true,"href":"https:\/\/www.egemtv.com\/index.php?rest_route=\/wp\/v2\/users\/1"}],"replies":[{"embeddable":true,"href":"https:\/\/www.egemtv.com\/index.php?rest_route=%2Fwp%2Fv2%2Fcomments&post=55314"}],"version-history":[{"count":1,"href":"https:\/\/www.egemtv.com\/index.php?rest_route=\/wp\/v2\/posts\/55314\/revisions"}],"predecessor-version":[{"id":55316,"href":"https:\/\/www.egemtv.com\/index.php?rest_route=\/wp\/v2\/posts\/55314\/revisions\/55316"}],"wp:featuredmedia":[{"embeddable":true,"href":"https:\/\/www.egemtv.com\/index.php?rest_route=\/wp\/v2\/media\/55315"}],"wp:attachment":[{"href":"https:\/\/www.egemtv.com\/index.php?rest_route=%2Fwp%2Fv2%2Fmedia&parent=55314"}],"wp:term":[{"taxonomy":"category","embeddable":true,"href":"https:\/\/www.egemtv.com\/index.php?rest_route=%2Fwp%2Fv2%2Fcategories&post=55314"},{"taxonomy":"post_tag","embeddable":true,"href":"https:\/\/www.egemtv.com\/index.php?rest_route=%2Fwp%2Fv2%2Ftags&post=55314"}],"curies":[{"name":"wp","href":"https:\/\/api.w.org\/{rel}","templated":true}]}}