{"id":55287,"date":"2025-09-16T17:35:20","date_gmt":"2025-09-16T14:35:20","guid":{"rendered":"https:\/\/www.egemtv.com\/?p=55287"},"modified":"2025-09-16T17:35:21","modified_gmt":"2025-09-16T14:35:21","slug":"arac-anahtariyla-acilan-gizli-bolmede-silah-bulundu","status":"publish","type":"post","link":"https:\/\/www.egemtv.com\/?p=55287","title":{"rendered":"Ara\u00e7 anahtar\u0131yla a\u00e7\u0131lan gizli b\u00f6lmede silah bulundu"},"content":{"rendered":"<p>\u0130zmir\u2019de polis ekiplerince ger\u00e7ekle\u015ftirilen asayi\u015f uygulamas\u0131nda, bir otomobilin ara\u00e7 anahtar\u0131yla a\u00e7\u0131lan gizli b\u00f6lmesinde silah tespit edildi. Ayr\u0131ca bir\u00e7ok adrese y\u00f6nelik operasyonda 4 kilo 300 gram kokain ve \u00e7ok say\u0131da silah ele ge\u00e7irildi.<br \/>\n<br \/>\u0130zmir Organize Su\u00e7larla M\u00fccadele \u015eube M\u00fcd\u00fcrl\u00fc\u011f\u00fc\u2019ne ba\u011fl\u0131 Alia\u011fa Organize Su\u00e7lar B\u00fcro Amirli\u011fi ile \u0130zmir Narkotik Su\u00e7larla M\u00fccadele \u015eube M\u00fcd\u00fcrl\u00fc\u011f\u00fc ekipleri, Alia\u011fa, Dikili ve Menemen il\u00e7elerinde silah ve m\u00fchimmat ticareti ile uyu\u015fturucu madde ticareti yapt\u0131\u011f\u0131 tespit edilen \u015f\u00fcphelilere y\u00f6nelik \u00e7al\u0131\u015fma ger\u00e7ekle\u015ftirdi. Yap\u0131lan denetimlerde \u015f\u00fcpheli hareketleri nedeniyle bir ara\u00e7 durduruldu. Ara\u00e7ta yap\u0131lan detayl\u0131 incelemede, ara\u00e7 anahtar\u0131 dikiz aynas\u0131n\u0131n alt ve \u00fcst k\u0131sm\u0131na yakla\u015ft\u0131r\u0131ld\u0131\u011f\u0131nda ses geldi\u011fi belirlendi. Polis ekipleri taraf\u0131ndan yap\u0131lan kontrollerde, d\u00fczene\u011fin arac\u0131n sol \u00f6n kap\u0131 i\u00e7 k\u0131sm\u0131nda bulundu\u011fu tespit edildi. Kap\u0131 i\u00e7indeki gizli b\u00f6lmede yap\u0131lan aramada bir adet tabanca ele ge\u00e7irilirken ara\u00e7 s\u00fcr\u00fcc\u00fcs\u00fc ise g\u00f6zalt\u0131na al\u0131narak emniyete sevk edildi.<br \/>\n<br \/>Ayr\u0131ca Alia\u011fa, Dikili ve Menemen il\u00e7elerinde belirlenen adreslerde ger\u00e7ekle\u015ftirilen operasyonlarda, 200 bin dolar de\u011ferinde 4 kilo 300 gram kokain, 6 adet tabanca ve 6 adet \u015farj\u00f6r, 2 adet otomatik av t\u00fcfe\u011fi ve 246 adet tabanca fi\u015fe\u011fi ele ge\u00e7irildi.<br \/>\n<br \/>Operasyonlar kapsam\u0131nda g\u00f6zalt\u0131na al\u0131nan 7 \u015f\u00fcpheli ise \u00e7\u0131kar\u0131ld\u0131klar\u0131 mahkemece tutukland\u0131.<br \/><\/p>\n","protected":false},"excerpt":{"rendered":"<p>\u0130zmir\u2019de polis ekiplerince ger\u00e7ekle\u015ftirilen asayi\u015f uygulamas\u0131nda, bir otomobilin ara\u00e7 anahtar\u0131yla a\u00e7\u0131lan gizli b\u00f6lmesinde silah tespit edildi. Ayr\u0131ca bir\u00e7ok adrese y\u00f6nelik operasyonda 4 kilo 300 gram kokain ve \u00e7ok say\u0131da silah ele ge\u00e7irildi. \u0130zmir Organize Su\u00e7larla M\u00fccadele \u015eube M\u00fcd\u00fcrl\u00fc\u011f\u00fc\u2019ne ba\u011fl\u0131 Alia\u011fa Organize Su\u00e7lar B\u00fcro Amirli\u011fi ile \u0130zmir Narkotik Su\u00e7larla M\u00fccadele \u015eube M\u00fcd\u00fcrl\u00fc\u011f\u00fc ekipleri, Alia\u011fa, Dikili ve&#8230;<\/p>\n","protected":false},"author":1,"featured_media":55288,"comment_status":"open","ping_status":"open","sticky":false,"template":"","format":"standard","meta":{"_crdt_document":"","footnotes":""},"categories":[5],"tags":[],"class_list":["post-55287","post","type-post","status-publish","format-standard","has-post-thumbnail","hentry","category-asayis"],"_links":{"self":[{"href":"https:\/\/www.egemtv.com\/index.php?rest_route=\/wp\/v2\/posts\/55287","targetHints":{"allow":["GET"]}}],"collection":[{"href":"https:\/\/www.egemtv.com\/index.php?rest_route=\/wp\/v2\/posts"}],"about":[{"href":"https:\/\/www.egemtv.com\/index.php?rest_route=\/wp\/v2\/types\/post"}],"author":[{"embeddable":true,"href":"https:\/\/www.egemtv.com\/index.php?rest_route=\/wp\/v2\/users\/1"}],"replies":[{"embeddable":true,"href":"https:\/\/www.egemtv.com\/index.php?rest_route=%2Fwp%2Fv2%2Fcomments&post=55287"}],"version-history":[{"count":1,"href":"https:\/\/www.egemtv.com\/index.php?rest_route=\/wp\/v2\/posts\/55287\/revisions"}],"predecessor-version":[{"id":55289,"href":"https:\/\/www.egemtv.com\/index.php?rest_route=\/wp\/v2\/posts\/55287\/revisions\/55289"}],"wp:featuredmedia":[{"embeddable":true,"href":"https:\/\/www.egemtv.com\/index.php?rest_route=\/wp\/v2\/media\/55288"}],"wp:attachment":[{"href":"https:\/\/www.egemtv.com\/index.php?rest_route=%2Fwp%2Fv2%2Fmedia&parent=55287"}],"wp:term":[{"taxonomy":"category","embeddable":true,"href":"https:\/\/www.egemtv.com\/index.php?rest_route=%2Fwp%2Fv2%2Fcategories&post=55287"},{"taxonomy":"post_tag","embeddable":true,"href":"https:\/\/www.egemtv.com\/index.php?rest_route=%2Fwp%2Fv2%2Ftags&post=55287"}],"curies":[{"name":"wp","href":"https:\/\/api.w.org\/{rel}","templated":true}]}}