{"id":55278,"date":"2025-09-16T16:54:49","date_gmt":"2025-09-16T13:54:49","guid":{"rendered":"https:\/\/www.egemtv.com\/?p=55278"},"modified":"2025-09-16T16:54:50","modified_gmt":"2025-09-16T13:54:50","slug":"isparta-belediyesimodifiye-arac-fuarindaki-gayri-ahlaki-goruntulerin-hukuki-surecini-titizlikle-takip-ediyoruz","status":"publish","type":"post","link":"https:\/\/www.egemtv.com\/?p=55278","title":{"rendered":"Isparta Belediyesi:&#8221;Modifiye ara\u00e7 fuar\u0131ndaki gayr\u0131 ahlaki g\u00f6r\u00fcnt\u00fclerin hukuki s\u00fcrecini titizlikle takip ediyoruz&#8221;"},"content":{"rendered":"<p>Sosyal medyaya yans\u0131yan gayri ahlaki g\u00f6r\u00fcnt\u00fcler \u00fczerine Motor ve Otomobil Sporlar\u0131 Modifiye Fuar\u0131 hakk\u0131nda adli soru\u015fturma ba\u015flat\u0131ld\u0131. Isparta Belediyesi, etkinli\u011fe yaln\u0131zca yer tahsisi yapt\u0131\u011f\u0131n\u0131 ve hukuki s\u00fcreci titizlikle takip ettiklerini belirterek, &#8220;Adli makamlara gerekli ba\u015fvurular yap\u0131lm\u0131\u015ft\u0131r&#8221; a\u00e7\u0131klamas\u0131nda bulundu.<br \/>\n<br \/>Isparta\u2019da 13-14 Eyl\u00fcl tarihlerinde d\u00fczenlenen Motor ve Otomobil Sporlar\u0131 Modifiye Fuar\u0131, y\u00fcksek g\u00fcr\u00fclt\u00fc ve kaydedilen uygunsuz g\u00f6r\u00fcnt\u00fcler nedeniyle tepki \u00e7ekti. Sabah\u0131n erken saatlerinden itibaren modifiyeli ve g\u00fc\u00e7l\u00fc ses sistemine sahip ara\u00e7lar\u0131n \u00e7\u0131kard\u0131\u011f\u0131 g\u00fcr\u00fclt\u00fc, fuar alan\u0131 \u00e7evresinde ya\u015fayan mahalle sakinlerini rahats\u0131z etti.<\/p>\n<p>\u0130\u00e7erisinde \u00e7ocuklar\u0131n da oldu\u011fu etkinlikte gayri ahlaki g\u00f6r\u00fcnt\u00fcler yer ald\u0131<br \/>\n<br \/>Ya\u015f s\u0131n\u0131r\u0131 olmayan fuara kad\u0131nlar, \u00e7ocuklar ve ailelerin de kat\u0131ld\u0131\u011f\u0131 etkinlikte, bir minib\u00fcs\u00fcn \u00fczerine \u00e7\u0131kan gen\u00e7 k\u0131z\u0131n y\u00fcksek sesli m\u00fczik e\u015fli\u011finde dans etti\u011fi anlar ile elinde alkol \u015fi\u015fesiyle arac\u0131na bak\u0131m yapan bir kat\u0131l\u0131mc\u0131n\u0131n g\u00f6r\u00fcnt\u00fcleri sosyal medyada h\u0131zla yay\u0131ld\u0131.<br \/>\n<br \/>Isparta Belediyesi, &#8220;13-14 Eyl\u00fcl 2025 tarihlerinde Isparta Modifiye Derne\u011fi taraf\u0131ndan G\u00f6kkubbe Kongre ve Fuar Merkezi\u2019nde d\u00fczenlenen Klasik ve Modifiyeli Motor ve Otomobil Fuar\u0131 esnas\u0131nda \u00e7ekildi\u011fi tespit edilen ve sosyal medya ile bas\u0131na yans\u0131yan gayri ahlaki g\u00f6r\u00fcnt\u00fclerle ilgili olarak, yaln\u0131zca yer tahsisinde bulunan Isparta Belediyemizce adli makamlara gerekli ba\u015fvurular yap\u0131lm\u0131\u015f olup, hukuki s\u00fcre\u00e7 titizlikle takip edilmektedir&#8221; a\u00e7\u0131klamas\u0131n\u0131 yapt\u0131.<br \/><\/p>\n","protected":false},"excerpt":{"rendered":"<p>Sosyal medyaya yans\u0131yan gayri ahlaki g\u00f6r\u00fcnt\u00fcler \u00fczerine Motor ve Otomobil Sporlar\u0131 Modifiye Fuar\u0131 hakk\u0131nda adli soru\u015fturma ba\u015flat\u0131ld\u0131. Isparta Belediyesi, etkinli\u011fe yaln\u0131zca yer tahsisi yapt\u0131\u011f\u0131n\u0131 ve hukuki s\u00fcreci titizlikle takip ettiklerini belirterek, &#8220;Adli makamlara gerekli ba\u015fvurular yap\u0131lm\u0131\u015ft\u0131r&#8221; a\u00e7\u0131klamas\u0131nda bulundu. Isparta\u2019da 13-14 Eyl\u00fcl tarihlerinde d\u00fczenlenen Motor ve Otomobil Sporlar\u0131 Modifiye Fuar\u0131, y\u00fcksek g\u00fcr\u00fclt\u00fc ve kaydedilen uygunsuz g\u00f6r\u00fcnt\u00fcler&#8230;<\/p>\n","protected":false},"author":1,"featured_media":55279,"comment_status":"open","ping_status":"open","sticky":false,"template":"","format":"standard","meta":{"_crdt_document":"","footnotes":""},"categories":[5],"tags":[],"class_list":["post-55278","post","type-post","status-publish","format-standard","has-post-thumbnail","hentry","category-asayis"],"_links":{"self":[{"href":"https:\/\/www.egemtv.com\/index.php?rest_route=\/wp\/v2\/posts\/55278","targetHints":{"allow":["GET"]}}],"collection":[{"href":"https:\/\/www.egemtv.com\/index.php?rest_route=\/wp\/v2\/posts"}],"about":[{"href":"https:\/\/www.egemtv.com\/index.php?rest_route=\/wp\/v2\/types\/post"}],"author":[{"embeddable":true,"href":"https:\/\/www.egemtv.com\/index.php?rest_route=\/wp\/v2\/users\/1"}],"replies":[{"embeddable":true,"href":"https:\/\/www.egemtv.com\/index.php?rest_route=%2Fwp%2Fv2%2Fcomments&post=55278"}],"version-history":[{"count":1,"href":"https:\/\/www.egemtv.com\/index.php?rest_route=\/wp\/v2\/posts\/55278\/revisions"}],"predecessor-version":[{"id":55280,"href":"https:\/\/www.egemtv.com\/index.php?rest_route=\/wp\/v2\/posts\/55278\/revisions\/55280"}],"wp:featuredmedia":[{"embeddable":true,"href":"https:\/\/www.egemtv.com\/index.php?rest_route=\/wp\/v2\/media\/55279"}],"wp:attachment":[{"href":"https:\/\/www.egemtv.com\/index.php?rest_route=%2Fwp%2Fv2%2Fmedia&parent=55278"}],"wp:term":[{"taxonomy":"category","embeddable":true,"href":"https:\/\/www.egemtv.com\/index.php?rest_route=%2Fwp%2Fv2%2Fcategories&post=55278"},{"taxonomy":"post_tag","embeddable":true,"href":"https:\/\/www.egemtv.com\/index.php?rest_route=%2Fwp%2Fv2%2Ftags&post=55278"}],"curies":[{"name":"wp","href":"https:\/\/api.w.org\/{rel}","templated":true}]}}