{"id":55275,"date":"2025-09-16T16:36:26","date_gmt":"2025-09-16T13:36:26","guid":{"rendered":"https:\/\/www.egemtv.com\/?p=55275"},"modified":"2025-09-16T16:36:27","modified_gmt":"2025-09-16T13:36:27","slug":"karsiyaka-yamanlarda-yanan-ormanlar-yeseriyor","status":"publish","type":"post","link":"https:\/\/www.egemtv.com\/?p=55275","title":{"rendered":"Kar\u015f\u0131yaka Yamanlar\u2019da yanan ormanlar ye\u015feriyor"},"content":{"rendered":"<p>\u0130zmir Orman B\u00f6lge M\u00fcd\u00fcr\u00fc Mahmut Y\u0131lmaz, 18 A\u011fustos 2024 tarihinde Kar\u015f\u0131yaka-Yamanlar\u2019da meydana gelen orman yang\u0131n\u0131ndan etkilenen bin 586 hektar alanda y\u00fcr\u00fct\u00fclen a\u011fa\u00e7land\u0131rma, gen\u00e7le\u015ftirme, erozyon ve sel kontrol\u00fc \u00e7al\u0131\u015fmalar\u0131n\u0131 yerinde inceledi.<br \/>\n<br \/>Sahan\u0131n bin hektarl\u0131k b\u00f6l\u00fcm\u00fcnde, 8 ton tohumun kullan\u0131ld\u0131\u011f\u0131 do\u011fal gen\u00e7le\u015ftirme sahalar\u0131nda \u00e7imlenen fidanlar ile yang\u0131na diren\u00e7li orman olu\u015fturma projesi kapsam\u0131nda 20 farkl\u0131 t\u00fcrde dikilen fidanlar\u0131n sa\u011fl\u0131kl\u0131 ve ba\u015far\u0131l\u0131 \u015fekilde geli\u015fti\u011fi g\u00f6zlemlendi. Bu \u00e7al\u0131\u015fmalar kapsam\u0131nda yama\u00e7 \u0131slah\u0131 da ger\u00e7ekle\u015ftirildi.<br \/>\n<br \/>Ayr\u0131ca, Sancakl\u0131 Mahallesi civar\u0131ndaki \u00fcst havzada, Il\u0131ca ve Kazanc\u0131k derelerinde y\u00fcr\u00fct\u00fclen erozyon ve sel kontrol\u00fc projesi kapsam\u0131nda bug\u00fcne kadar 80 adet gabion e\u015fik tesisi yap\u0131larak dere \u0131slah\u0131 sa\u011fland\u0131.<br \/>\n<br \/>Sahan\u0131n kalan k\u0131sm\u0131nda ise a\u011fa\u00e7land\u0131rma \u00e7al\u0131\u015fmalar\u0131 dahilinde y\u00fcr\u00fct\u00fclen makineli toprak i\u015fleme faaliyetleri son a\u015famaya gelmi\u015f olup, 2025 y\u0131l\u0131 sonuna kadar fidan dikimleri ger\u00e7ekle\u015ftirilerek \u00e7al\u0131\u015fmalar\u0131n tamamlanmas\u0131 planlan\u0131yor.<br \/>\n<br \/>B\u00f6lge M\u00fcd\u00fcr\u00fc Mahmut Y\u0131lmaz\u2019a saha incelemesinde \u0130\u015fletme M\u00fcd\u00fcr\u00fc Mustafa Ertekin, M\u00fcd\u00fcr Yard\u0131mc\u0131s\u0131 Soner Tanr\u0131\u00f6ver ve A\u011fa\u00e7land\u0131rma ve Toprak Muhafaza \u015eefi \u015eenol \u00dcnal e\u015flik etti.<br \/><\/p>\n","protected":false},"excerpt":{"rendered":"<p>\u0130zmir Orman B\u00f6lge M\u00fcd\u00fcr\u00fc Mahmut Y\u0131lmaz, 18 A\u011fustos 2024 tarihinde Kar\u015f\u0131yaka-Yamanlar\u2019da meydana gelen orman yang\u0131n\u0131ndan etkilenen bin 586 hektar alanda y\u00fcr\u00fct\u00fclen a\u011fa\u00e7land\u0131rma, gen\u00e7le\u015ftirme, erozyon ve sel kontrol\u00fc \u00e7al\u0131\u015fmalar\u0131n\u0131 yerinde inceledi. Sahan\u0131n bin hektarl\u0131k b\u00f6l\u00fcm\u00fcnde, 8 ton tohumun kullan\u0131ld\u0131\u011f\u0131 do\u011fal gen\u00e7le\u015ftirme sahalar\u0131nda \u00e7imlenen fidanlar ile yang\u0131na diren\u00e7li orman olu\u015fturma projesi kapsam\u0131nda 20 farkl\u0131 t\u00fcrde dikilen fidanlar\u0131n&#8230;<\/p>\n","protected":false},"author":1,"featured_media":55276,"comment_status":"open","ping_status":"open","sticky":false,"template":"","format":"standard","meta":{"_crdt_document":"","footnotes":""},"categories":[1],"tags":[],"class_list":["post-55275","post","type-post","status-publish","format-standard","has-post-thumbnail","hentry","category-guncel"],"_links":{"self":[{"href":"https:\/\/www.egemtv.com\/index.php?rest_route=\/wp\/v2\/posts\/55275","targetHints":{"allow":["GET"]}}],"collection":[{"href":"https:\/\/www.egemtv.com\/index.php?rest_route=\/wp\/v2\/posts"}],"about":[{"href":"https:\/\/www.egemtv.com\/index.php?rest_route=\/wp\/v2\/types\/post"}],"author":[{"embeddable":true,"href":"https:\/\/www.egemtv.com\/index.php?rest_route=\/wp\/v2\/users\/1"}],"replies":[{"embeddable":true,"href":"https:\/\/www.egemtv.com\/index.php?rest_route=%2Fwp%2Fv2%2Fcomments&post=55275"}],"version-history":[{"count":1,"href":"https:\/\/www.egemtv.com\/index.php?rest_route=\/wp\/v2\/posts\/55275\/revisions"}],"predecessor-version":[{"id":55277,"href":"https:\/\/www.egemtv.com\/index.php?rest_route=\/wp\/v2\/posts\/55275\/revisions\/55277"}],"wp:featuredmedia":[{"embeddable":true,"href":"https:\/\/www.egemtv.com\/index.php?rest_route=\/wp\/v2\/media\/55276"}],"wp:attachment":[{"href":"https:\/\/www.egemtv.com\/index.php?rest_route=%2Fwp%2Fv2%2Fmedia&parent=55275"}],"wp:term":[{"taxonomy":"category","embeddable":true,"href":"https:\/\/www.egemtv.com\/index.php?rest_route=%2Fwp%2Fv2%2Fcategories&post=55275"},{"taxonomy":"post_tag","embeddable":true,"href":"https:\/\/www.egemtv.com\/index.php?rest_route=%2Fwp%2Fv2%2Ftags&post=55275"}],"curies":[{"name":"wp","href":"https:\/\/api.w.org\/{rel}","templated":true}]}}