{"id":55272,"date":"2025-09-16T16:36:25","date_gmt":"2025-09-16T13:36:25","guid":{"rendered":"https:\/\/www.egemtv.com\/?p=55272"},"modified":"2025-09-16T16:36:26","modified_gmt":"2025-09-16T13:36:26","slug":"muglaspor-baskani-kiyanc-5-ekime-kadar-stadin-bitmesini-bekliyoruz","status":"publish","type":"post","link":"https:\/\/www.egemtv.com\/?p=55272","title":{"rendered":"Mu\u011flaspor Ba\u015fkan\u0131 K\u0131yan\u00e7: &#8220;5 Ekim\u2019e kadar stad\u0131n bitmesini bekliyoruz&#8221;"},"content":{"rendered":"<p>Ge\u00e7ti\u011fimiz sezonu sponsorsuz, seyircisiz ve stadyumsuz olmas\u0131na ra\u011fmen \u015fampiyonlukla tamamlayarak b\u00fcy\u00fck bir ba\u015far\u0131ya imza atan Mu\u011flaspor, 2. Lig\u2019deki m\u00fccadelesine devam ediyor. Ye\u015fil-beyazl\u0131lar, bir ma\u00e7 eksi\u011fiyle 5 puan toplayarak ligde 8. s\u0131rada yer al\u0131yor.<\/p>\n<p>&#8220;Stadyum sorunu \u00e7\u00f6z\u00fcl\u00fcyor&#8221;<br \/>\n<br \/>Mu\u011flaspor Kul\u00fcb\u00fc Ba\u015fkan\u0131 Menaf K\u0131yan\u00e7, kul\u00fcp tesislerinde d\u00fczenledi\u011fi bas\u0131n toplant\u0131s\u0131nda, en \u00f6nemli g\u00fcndem maddelerinden biri olan stadyum konusunda m\u00fcjdeli haberler verdi. Yap\u0131m\u0131 s\u00fcren Mu\u011fla Atat\u00fcrk Stadyumu i\u00e7in ihaleyi alan firma ile Valilik ve Gen\u00e7lik Spor \u0130l M\u00fcd\u00fcrl\u00fc\u011f\u00fc aras\u0131ndaki g\u00f6r\u00fc\u015fmelerin devam etti\u011fini belirten K\u0131yan\u00e7, &#8220;5 Ekim\u2019deki ma\u00e7a kadar stad\u0131n bitmesini bekliyoruz&#8221; diyerek taraftarlar\u0131 heyecanland\u0131rd\u0131. Ayr\u0131ca, Mu\u011flaspor\u2019un kendi tesislerindeki hal\u0131 sahan\u0131n da kald\u0131r\u0131larak yerine \u00e7im saha yap\u0131m\u0131na ba\u015fland\u0131\u011f\u0131 duyuruldu.<\/p>\n<p>&#8220;Rehavete kap\u0131lmak yok&#8221;<br \/>\n<br \/>Tak\u0131m\u0131n saha performans\u0131n\u0131 da de\u011ferlendiren Ba\u015fkan K\u0131yan\u00e7, ilk iki ma\u00e7ta \u015fanss\u0131z olduklar\u0131n\u0131 ancak \u00fc\u00e7\u00fcnc\u00fc ma\u00e7ta al\u0131nan 5-0\u2019l\u0131k galibiyetin tak\u0131ma moral ve motivasyon kazand\u0131rd\u0131\u011f\u0131n\u0131 s\u00f6yledi. Ancak K\u0131yan\u00e7, rehavete kar\u015f\u0131 uyararak, &#8220;Futbol bu; bir sonraki ma\u00e7ta kazanm\u0131yorsan\u0131z, 5-0\u2019\u0131n bir anlam\u0131 kalm\u0131yor&#8221; ifadelerini kulland\u0131. Ba\u015fkan, tak\u0131m\u0131n gelecekteki galibiyetlerine g\u00fcvendiklerini belirtti.<\/p>\n<p>&#8220;Altyap\u0131ya b\u00fcy\u00fck yat\u0131r\u0131m&#8221;<br \/>\n<br \/>Mu\u011flaspor, sadece A tak\u0131m d\u00fczeyinde de\u011fil, altyap\u0131da da \u00f6nemli ad\u0131mlar at\u0131yor. Ba\u015fkan K\u0131yan\u00e7, kul\u00fcb\u00fcn gelece\u011fini g\u00fcvence alt\u0131na almak i\u00e7in altyap\u0131ya b\u00fcy\u00fck \u00f6nem verdiklerini vurgulad\u0131. &#8220;Altyap\u0131da 20 hocam\u0131z g\u00f6rev yap\u0131yor. Her y\u0131l tak\u0131ma oyuncu vermek istiyoruz. K\u00fc\u00e7\u00fck ya\u015fta \u00f6\u011frenmeye yat\u0131r\u0131m yaparak, kendi \u00e7ocuklar\u0131m\u0131z Mu\u011flaspor\u2019u ileri ta\u015f\u0131yaca\u011f\u0131z&#8221; diyen K\u0131yan\u00e7, Mu\u011flaspor\u2019a verilen her deste\u011fin asl\u0131nda Mu\u011fla\u2019ya ve gen\u00e7 sporculara yap\u0131ld\u0131\u011f\u0131n\u0131 dile getirdi.<\/p>\n<p>&#8220;Eski\u015fehirspor deplasman\u0131 haz\u0131rl\u0131\u011f\u0131&#8221;<br \/>\n<br \/>\u00d6te yandan Mu\u011flaspor, ligdeki m\u00fccadelesinin yan\u0131 s\u0131ra Ziraat T\u00fcrkiye Kupas\u0131\u2019nda da \u00f6nemli bir ma\u00e7a \u00e7\u0131kmaya haz\u0131rlan\u0131yor. Per\u015fembe g\u00fcn\u00fc deplasmanda Eski\u015fehirspor ile kar\u015f\u0131la\u015facak olan ye\u015fil-beyazl\u0131lar, bu kritik ma\u00e7tan galibiyetle ayr\u0131larak bir \u00fcst tura y\u00fckselmeyi hedefliyor.<br \/><\/p>\n","protected":false},"excerpt":{"rendered":"<p>Ge\u00e7ti\u011fimiz sezonu sponsorsuz, seyircisiz ve stadyumsuz olmas\u0131na ra\u011fmen \u015fampiyonlukla tamamlayarak b\u00fcy\u00fck bir ba\u015far\u0131ya imza atan Mu\u011flaspor, 2. Lig\u2019deki m\u00fccadelesine devam ediyor. Ye\u015fil-beyazl\u0131lar, bir ma\u00e7 eksi\u011fiyle 5 puan toplayarak ligde 8. s\u0131rada yer al\u0131yor. &#8220;Stadyum sorunu \u00e7\u00f6z\u00fcl\u00fcyor&#8221; Mu\u011flaspor Kul\u00fcb\u00fc Ba\u015fkan\u0131 Menaf K\u0131yan\u00e7, kul\u00fcp tesislerinde d\u00fczenledi\u011fi bas\u0131n toplant\u0131s\u0131nda, en \u00f6nemli g\u00fcndem maddelerinden biri olan stadyum konusunda m\u00fcjdeli&#8230;<\/p>\n","protected":false},"author":1,"featured_media":55273,"comment_status":"open","ping_status":"open","sticky":false,"template":"","format":"standard","meta":{"_crdt_document":"","footnotes":""},"categories":[4],"tags":[],"class_list":["post-55272","post","type-post","status-publish","format-standard","has-post-thumbnail","hentry","category-spor"],"_links":{"self":[{"href":"https:\/\/www.egemtv.com\/index.php?rest_route=\/wp\/v2\/posts\/55272","targetHints":{"allow":["GET"]}}],"collection":[{"href":"https:\/\/www.egemtv.com\/index.php?rest_route=\/wp\/v2\/posts"}],"about":[{"href":"https:\/\/www.egemtv.com\/index.php?rest_route=\/wp\/v2\/types\/post"}],"author":[{"embeddable":true,"href":"https:\/\/www.egemtv.com\/index.php?rest_route=\/wp\/v2\/users\/1"}],"replies":[{"embeddable":true,"href":"https:\/\/www.egemtv.com\/index.php?rest_route=%2Fwp%2Fv2%2Fcomments&post=55272"}],"version-history":[{"count":1,"href":"https:\/\/www.egemtv.com\/index.php?rest_route=\/wp\/v2\/posts\/55272\/revisions"}],"predecessor-version":[{"id":55274,"href":"https:\/\/www.egemtv.com\/index.php?rest_route=\/wp\/v2\/posts\/55272\/revisions\/55274"}],"wp:featuredmedia":[{"embeddable":true,"href":"https:\/\/www.egemtv.com\/index.php?rest_route=\/wp\/v2\/media\/55273"}],"wp:attachment":[{"href":"https:\/\/www.egemtv.com\/index.php?rest_route=%2Fwp%2Fv2%2Fmedia&parent=55272"}],"wp:term":[{"taxonomy":"category","embeddable":true,"href":"https:\/\/www.egemtv.com\/index.php?rest_route=%2Fwp%2Fv2%2Fcategories&post=55272"},{"taxonomy":"post_tag","embeddable":true,"href":"https:\/\/www.egemtv.com\/index.php?rest_route=%2Fwp%2Fv2%2Ftags&post=55272"}],"curies":[{"name":"wp","href":"https:\/\/api.w.org\/{rel}","templated":true}]}}