{"id":55269,"date":"2025-09-16T15:55:23","date_gmt":"2025-09-16T12:55:23","guid":{"rendered":"https:\/\/www.egemtv.com\/?p=55269"},"modified":"2025-09-16T15:55:23","modified_gmt":"2025-09-16T12:55:23","slug":"sokede-projeler-konusuldu","status":"publish","type":"post","link":"https:\/\/www.egemtv.com\/?p=55269","title":{"rendered":"S\u00f6ke\u2019de projeler konu\u015fuldu"},"content":{"rendered":"<p>S\u00f6ke Kaymakam\u0131 Ali Ak\u00e7a, S\u00f6ke Belediye Ba\u015fkan\u0131 Dr. Mustafa \u0130berya Ar\u0131kan ile bir araya gelerek yap\u0131lacak olan hizmetler g\u00f6r\u00fc\u015f\u00fcld\u00fc.<\/p>\n<p>Belediye binas\u0131nda ger\u00e7ekle\u015fen ziyarette Kaymakam Ak\u00e7a\u2019y\u0131 makam\u0131nda a\u011f\u0131rlayan Ba\u015fkan Ar\u0131kan, il\u00e7eye yap\u0131lacak hizmet ve projeler hakk\u0131nda kar\u015f\u0131l\u0131kl\u0131 g\u00f6r\u00fc\u015f al\u0131\u015fveri\u015finde bulundu. Kaymakam Ak\u00e7a ve Ba\u015fkan Ar\u0131kan, S\u00f6ke\u2019nin gelece\u011fine y\u00f6nelik \u00e7al\u0131\u015fmalar ile kurumlar aras\u0131 i\u015fbirli\u011fi planlamas\u0131 de\u011ferlendirildi. Ziyaretten duydu\u011fu memnuniyeti dile getiren Ba\u015fkan Ar\u0131kan, &#8220;S\u00f6kemiz i\u00e7in \u00e7al\u0131\u015fmalar\u0131m\u0131z devam ediyor&#8221; dedi.<br \/><\/p>\n","protected":false},"excerpt":{"rendered":"<p>S\u00f6ke Kaymakam\u0131 Ali Ak\u00e7a, S\u00f6ke Belediye Ba\u015fkan\u0131 Dr. Mustafa \u0130berya Ar\u0131kan ile bir araya gelerek yap\u0131lacak olan hizmetler g\u00f6r\u00fc\u015f\u00fcld\u00fc. Belediye binas\u0131nda ger\u00e7ekle\u015fen ziyarette Kaymakam Ak\u00e7a\u2019y\u0131 makam\u0131nda a\u011f\u0131rlayan Ba\u015fkan Ar\u0131kan, il\u00e7eye yap\u0131lacak hizmet ve projeler hakk\u0131nda kar\u015f\u0131l\u0131kl\u0131 g\u00f6r\u00fc\u015f al\u0131\u015fveri\u015finde bulundu. Kaymakam Ak\u00e7a ve Ba\u015fkan Ar\u0131kan, S\u00f6ke\u2019nin gelece\u011fine y\u00f6nelik \u00e7al\u0131\u015fmalar ile kurumlar aras\u0131 i\u015fbirli\u011fi planlamas\u0131 de\u011ferlendirildi. Ziyaretten&#8230;<\/p>\n","protected":false},"author":1,"featured_media":55270,"comment_status":"open","ping_status":"open","sticky":false,"template":"","format":"standard","meta":{"_crdt_document":"","footnotes":""},"categories":[1],"tags":[],"class_list":["post-55269","post","type-post","status-publish","format-standard","has-post-thumbnail","hentry","category-guncel"],"_links":{"self":[{"href":"https:\/\/www.egemtv.com\/index.php?rest_route=\/wp\/v2\/posts\/55269","targetHints":{"allow":["GET"]}}],"collection":[{"href":"https:\/\/www.egemtv.com\/index.php?rest_route=\/wp\/v2\/posts"}],"about":[{"href":"https:\/\/www.egemtv.com\/index.php?rest_route=\/wp\/v2\/types\/post"}],"author":[{"embeddable":true,"href":"https:\/\/www.egemtv.com\/index.php?rest_route=\/wp\/v2\/users\/1"}],"replies":[{"embeddable":true,"href":"https:\/\/www.egemtv.com\/index.php?rest_route=%2Fwp%2Fv2%2Fcomments&post=55269"}],"version-history":[{"count":1,"href":"https:\/\/www.egemtv.com\/index.php?rest_route=\/wp\/v2\/posts\/55269\/revisions"}],"predecessor-version":[{"id":55271,"href":"https:\/\/www.egemtv.com\/index.php?rest_route=\/wp\/v2\/posts\/55269\/revisions\/55271"}],"wp:featuredmedia":[{"embeddable":true,"href":"https:\/\/www.egemtv.com\/index.php?rest_route=\/wp\/v2\/media\/55270"}],"wp:attachment":[{"href":"https:\/\/www.egemtv.com\/index.php?rest_route=%2Fwp%2Fv2%2Fmedia&parent=55269"}],"wp:term":[{"taxonomy":"category","embeddable":true,"href":"https:\/\/www.egemtv.com\/index.php?rest_route=%2Fwp%2Fv2%2Fcategories&post=55269"},{"taxonomy":"post_tag","embeddable":true,"href":"https:\/\/www.egemtv.com\/index.php?rest_route=%2Fwp%2Fv2%2Ftags&post=55269"}],"curies":[{"name":"wp","href":"https:\/\/api.w.org\/{rel}","templated":true}]}}