{"id":55266,"date":"2025-09-16T15:55:22","date_gmt":"2025-09-16T12:55:22","guid":{"rendered":"https:\/\/www.egemtv.com\/?p=55266"},"modified":"2025-09-16T15:55:23","modified_gmt":"2025-09-16T12:55:23","slug":"soke-denetimli-serbestlik-mudurlugu-etkin-calismalar-yurutuyor","status":"publish","type":"post","link":"https:\/\/www.egemtv.com\/?p=55266","title":{"rendered":"S\u00f6ke Denetimli Serbestlik M\u00fcd\u00fcrl\u00fc\u011f\u00fc etkin \u00e7al\u0131\u015fmalar y\u00fcr\u00fct\u00fcyor"},"content":{"rendered":"<p>T\u00fcrk Adalet Sistemi\u2019ne dahil olu\u015funun 20.\u2019nci y\u0131l\u0131 i\u00e7inde bulunan S\u00f6ke Denetimli Serbestlik M\u00fcd\u00fcrl\u00fc\u011f\u00fc \u00e7al\u0131\u015fmalar\u0131na devam ediyor.<\/p>\n<p>Denetimli Serbestlik Sistemi hakk\u0131nda a\u00e7\u0131klamalarda bulunan S\u00f6ke Denetimli Serbestlik M\u00fcd\u00fcr\u00fc Fatih Ziya \u015eahin, sistemin \u00f6nemini vurgulad\u0131. \u015eahin, &#8220;Denetimli Serbestlik, cezay\u0131 ortadan kald\u0131ran bir ayr\u0131cal\u0131k de\u011fil; cezay\u0131 toplum i\u00e7inde ve yarg\u0131 denetimi alt\u0131nda yerine getiren, g\u00fcvenlik ve onar\u0131m\u0131 birlikte g\u00f6zeten bir adalet uygulamas\u0131d\u0131r. Bu sistem cezas\u0131zl\u0131k de\u011fil, toplumsal sorumlulu\u011fun toplum \u00f6n\u00fcnde infaz\u0131d\u0131r&#8221; dedi.<\/p>\n<p>Sistemin Temel Uygulamalar\u0131 hakk\u0131nda bilgiler veren S\u00f6ke Denetimli Serbestlik M\u00fcd\u00fcr\u00fc Fatih Ziya \u015eahin sistemin temel ba\u015fl\u0131klar\u0131n\u0131 aktard\u0131.<\/p>\n<p>S\u00f6ke Denetimli Serbestlik M\u00fcd\u00fcr\u00fc Fatih Ziya \u015eahin, S\u00f6ke Denetimli Serbestlik M\u00fcd\u00fcrl\u00fc\u011f\u00fc\u2019n\u00fcn h\u00fck\u00fcml\u00fclerce yap\u0131lan \u00e7al\u0131\u015fmalar\u0131yla ilgili bilgiler de verdi. \u015eahin s\u00f6zlerini \u015f\u00f6yle s\u00fcrd\u00fcrd\u00fc: &#8220;2025 yaz tatili boyunca y\u00fcr\u00fct\u00fclen \u00e7al\u0131\u015fmalar kapsam\u0131nda, Ku\u015fadas\u0131 \u0130ki\u00e7e\u015fmelik Ortaokulu ile Ada K\u0131z Mesleki ve Teknik Anadolu Lisesi boya ve onar\u0131mdan ge\u00e7irilerek yeni e\u011fitim y\u0131l\u0131na haz\u0131r hale getirildi. 20 A\u011fustos\u2019ta Ku\u015fadas\u0131 \u0130mece Derne\u011fi i\u015f birli\u011fiyle dezavantajl\u0131 y\u00fck\u00fcml\u00fcler ve ailelerine destek ula\u015ft\u0131r\u0131ld\u0131. \u00c7ocuk bezi, hijyenik ped, oyuncak ve market fi\u015flerinden olu\u015fan yard\u0131mlar, S\u00f6ke Denetimli Serbestlik M\u00fcd\u00fcrl\u00fc\u011f\u00fc Sosyal Marketi arac\u0131l\u0131\u011f\u0131yla ihtiya\u00e7 sahiplerine verildi. &#8220;Sa\u011fl\u0131kla Sa\u011fl\u0131\u011fa Ko\u015f&#8221; projesiyle sa\u011fl\u0131k okuryazarl\u0131\u011f\u0131 art\u0131r\u0131ld\u0131. \u0130l\u00e7e Sa\u011fl\u0131k M\u00fcd\u00fcrl\u00fc\u011f\u00fc i\u015f birli\u011fiyle sigaray\u0131 b\u0131rakma, organ ba\u011f\u0131\u015f\u0131, kad\u0131n sa\u011fl\u0131\u011f\u0131 ve kanser taramalar\u0131 konusunda seminerler d\u00fczenlendi. Ayr\u0131ca 28 A\u011fustos\u2019ta sanat\u00e7\u0131-yazar Bur\u00e7in Orhon, kad\u0131n y\u00fck\u00fcml\u00fclerle bir araya geldi. S\u00f6yle\u015fide sanat\u0131n iyile\u015ftirici g\u00fcc\u00fc \u00fczerine payla\u015f\u0131mlar yap\u0131ld\u0131, etkinlik sonunda hediye paketleri da\u011f\u0131t\u0131ld\u0131&#8221;<\/p>\n<p>S\u00f6ke Denetimli Serbestlik M\u00fcd\u00fcr\u00fc \u015eahin; &#8220;S\u00f6ke Denetimli Serbestlik M\u00fcd\u00fcrl\u00fc\u011f\u00fc y\u00fck\u00fcml\u00fclerin sosyal sorumluluk bilinci kazanmas\u0131na, ailelerin korunmas\u0131na ve toplumda dayan\u0131\u015fma k\u00fclt\u00fcr\u00fcn\u00fcn g\u00fc\u00e7lenmesine hizmet etmektedir. M\u00fcd\u00fcrl\u00fc\u011f\u00fcm\u00fcz, kamu kurumlar\u0131, yerel y\u00f6netimler ve sivil toplum kurulu\u015flar\u0131yla i\u015f birli\u011fi i\u00e7inde y\u00fcr\u00fctt\u00fc\u011f\u00fc faaliyetleri \u00f6n\u00fcm\u00fczdeki s\u00fcre\u00e7te de artarak s\u00fcrd\u00fcrecektir&#8221; diye konu\u015ftu.<br \/><\/p>\n","protected":false},"excerpt":{"rendered":"<p>T\u00fcrk Adalet Sistemi\u2019ne dahil olu\u015funun 20.\u2019nci y\u0131l\u0131 i\u00e7inde bulunan S\u00f6ke Denetimli Serbestlik M\u00fcd\u00fcrl\u00fc\u011f\u00fc \u00e7al\u0131\u015fmalar\u0131na devam ediyor. Denetimli Serbestlik Sistemi hakk\u0131nda a\u00e7\u0131klamalarda bulunan S\u00f6ke Denetimli Serbestlik M\u00fcd\u00fcr\u00fc Fatih Ziya \u015eahin, sistemin \u00f6nemini vurgulad\u0131. \u015eahin, &#8220;Denetimli Serbestlik, cezay\u0131 ortadan kald\u0131ran bir ayr\u0131cal\u0131k de\u011fil; cezay\u0131 toplum i\u00e7inde ve yarg\u0131 denetimi alt\u0131nda yerine getiren, g\u00fcvenlik ve onar\u0131m\u0131 birlikte g\u00f6zeten&#8230;<\/p>\n","protected":false},"author":1,"featured_media":55267,"comment_status":"open","ping_status":"open","sticky":false,"template":"","format":"standard","meta":{"_crdt_document":"","footnotes":""},"categories":[1],"tags":[],"class_list":["post-55266","post","type-post","status-publish","format-standard","has-post-thumbnail","hentry","category-guncel"],"_links":{"self":[{"href":"https:\/\/www.egemtv.com\/index.php?rest_route=\/wp\/v2\/posts\/55266","targetHints":{"allow":["GET"]}}],"collection":[{"href":"https:\/\/www.egemtv.com\/index.php?rest_route=\/wp\/v2\/posts"}],"about":[{"href":"https:\/\/www.egemtv.com\/index.php?rest_route=\/wp\/v2\/types\/post"}],"author":[{"embeddable":true,"href":"https:\/\/www.egemtv.com\/index.php?rest_route=\/wp\/v2\/users\/1"}],"replies":[{"embeddable":true,"href":"https:\/\/www.egemtv.com\/index.php?rest_route=%2Fwp%2Fv2%2Fcomments&post=55266"}],"version-history":[{"count":1,"href":"https:\/\/www.egemtv.com\/index.php?rest_route=\/wp\/v2\/posts\/55266\/revisions"}],"predecessor-version":[{"id":55268,"href":"https:\/\/www.egemtv.com\/index.php?rest_route=\/wp\/v2\/posts\/55266\/revisions\/55268"}],"wp:featuredmedia":[{"embeddable":true,"href":"https:\/\/www.egemtv.com\/index.php?rest_route=\/wp\/v2\/media\/55267"}],"wp:attachment":[{"href":"https:\/\/www.egemtv.com\/index.php?rest_route=%2Fwp%2Fv2%2Fmedia&parent=55266"}],"wp:term":[{"taxonomy":"category","embeddable":true,"href":"https:\/\/www.egemtv.com\/index.php?rest_route=%2Fwp%2Fv2%2Fcategories&post=55266"},{"taxonomy":"post_tag","embeddable":true,"href":"https:\/\/www.egemtv.com\/index.php?rest_route=%2Fwp%2Fv2%2Ftags&post=55266"}],"curies":[{"name":"wp","href":"https:\/\/api.w.org\/{rel}","templated":true}]}}