{"id":55263,"date":"2025-09-16T15:55:21","date_gmt":"2025-09-16T12:55:21","guid":{"rendered":"https:\/\/www.egemtv.com\/?p=55263"},"modified":"2025-09-16T15:55:22","modified_gmt":"2025-09-16T12:55:22","slug":"ozbekistan-ankara-buyukelcisi-dtoda-sektor-temsilcileriyle-bulustu","status":"publish","type":"post","link":"https:\/\/www.egemtv.com\/?p=55263","title":{"rendered":"\u00d6zbekistan Ankara B\u00fcy\u00fckel\u00e7isi, DTO\u2019da sekt\u00f6r temsilcileriyle bulu\u015ftu"},"content":{"rendered":"<p>Denizli Ticaret Odas\u0131 (DTO), \u00d6zbekistan\u2019\u0131n Ankara B\u00fcy\u00fckel\u00e7isi \u0130lkhom Khaydarov ile beraberindeki resmi heyeti, farkl\u0131 sekt\u00f6rlerdeki \u00fcyeleri ile bulu\u015fturdu. DTO Ba\u015fkan\u0131 U\u011fur Erdo\u011fan, ikili g\u00f6r\u00fc\u015fmelerin de oldu\u011fu toplant\u0131lar\u0131yla ilgili olarak, &#8220;Konuklar\u0131m\u0131za, \u015fehrimizi ve sekt\u00f6rlerimizi tan\u0131tt\u0131k. Yeni yat\u0131r\u0131m alanlar\u0131, i\u015f birlikleri ve sekt\u00f6rlerimizle ilgili isti\u015farede bulunduk ve sorular\u0131n\u0131 yan\u0131tlad\u0131k. Kat\u0131l\u0131mlar\u0131 ve g\u00f6sterdikleri yo\u011fun ilgiden dolay\u0131 hem \u00fcyelerimize hem bas\u0131n mensuplar\u0131m\u0131za hem de ba\u015fta B\u00fcy\u00fckel\u00e7imiz olmak \u00fczere konuklar\u0131m\u0131za te\u015fekk\u00fcr ederiz&#8221; dedi.<\/p>\n<p>DTO Ba\u015fkan\u0131 U\u011fur Erdo\u011fan, toplant\u0131 \u00f6ncesinde, B\u00fcy\u00fckel\u00e7i Khaydarov ve beraberindeki heyet ile, tekstillere ziyaret etti. Ba\u015fkan Erdo\u011fan, \u00fcye ziyaretleriyle ilgili olarak, &#8220;\u00dcyelerimiz ve sekt\u00f6rlerimiz i\u00e7in yeni pazarlar ve yeni i\u015f birlikleri aray\u0131\u015f\u0131m\u0131z kesintisiz devam ediyor. Uluslararas\u0131 temaslar\u0131m\u0131z\u0131, her ge\u00e7en g\u00fcn daha da art\u0131r\u0131yoruz. Bu kapsamda sayg\u0131de\u011fer B\u00fcy\u00fckel\u00e7imize,  \u015fehrimizi bizzat sahada tan\u0131tt\u0131k ve \u00fcyelerimizi gezdirdik. Faaliyetleri ve sekt\u00f6r\u00fcm\u00fcz hakk\u0131nda bilgi ald\u0131\u011f\u0131m\u0131z \u00e7ok de\u011ferli i\u015f insanlar\u0131m\u0131za, bizi i\u015fletmelerinde a\u011f\u0131rlad\u0131klar\u0131 ve misafirperverliklerinden dolay\u0131 te\u015fekk\u00fcr ederiz; kolayl\u0131klar dileriz&#8221; dedi. Ba\u015fkan Erdo\u011fan\u2019a ziyaretlerinde DTO Y\u00fcksek \u0130sti\u015fare Kurulu \u00dcyesi Oktay Mersin de e\u015flik etti.<\/p>\n<p>DTO\u2019daki sekt\u00f6rel toplant\u0131, b\u00fcy\u00fck ilgi g\u00f6rd\u00fc<br \/>\n<br \/>B\u00fcy\u00fckel\u00e7i Khaydarov\u2019un \u00f6nderli\u011findeki heyet daha sonra DTO\u2019daki toplant\u0131ya ge\u00e7ti. Toplant\u0131, DTO \u00fcyesi sekt\u00f6rlerin temsilcilerinden b\u00fcy\u00fck ilgi g\u00f6rd\u00fc. Ba\u015fkan Erdo\u011fan, toplant\u0131n\u0131n ba\u015f\u0131nda k\u0131sa bir ho\u015f geldiniz konu\u015fmas\u0131yla konuklar\u0131na seslendi. \u00d6zbek misafirlerini Denizli ve sekt\u00f6rleri hakk\u0131nda bilgilendiren Erdo\u011fan, &#8220;\u015eehrimize ve Denizli Ticaret Odam\u0131za ho\u015f geldiniz; \u015feref verdiniz. Bug\u00fcn burada, tekstil, kimya, enerji ve kablo, maden ve mermer, tar\u0131m ile g\u0131da, metal ve makine, hatta deri, lojistik, in\u015faat, bili\u015fim, otomotiv, akaryak\u0131t, sigorta, proje y\u00f6netimi, dan\u0131\u015fmanl\u0131k, e\u011fitim ve kozmetik gibi \u00e7ok \u00e7e\u015fitli sekt\u00f6rlerimizden \u00fcyelerimiz de bizimle. Denizli\u2019miz yeni yat\u0131r\u0131mlar ve giri\u015fimcili\u011fi ile \u00fclkemizde h\u0131zla y\u00fckselen \u00f6nemli bir b\u00fcy\u00fck\u015fehirdir. \u00c7ok \u00e7al\u0131\u015fkan ve giri\u015fimci ruha sahip i\u015f insanlar\u0131m\u0131zla tan\u0131n\u0131yoruz. Bu sayede, Denizli\u2019miz yabanc\u0131 yat\u0131r\u0131mc\u0131lar\u0131n g\u00f6zdesi bir sanayi \u015fehri olmu\u015ftur. Yabanc\u0131 sermayeli \u015firket say\u0131m\u0131z 422\u2019dir. Bu \u015firketlerdeki yabanc\u0131 sermaye oran\u0131 ise yakla\u015f\u0131k y\u00fczde 50\u2019dir. 57 farkl\u0131 \u00fclkeden gelen yabanc\u0131 yat\u0131r\u0131mc\u0131lar\u0131m\u0131z\u0131n \u00fc\u00e7te biri Avrupa\u2019dand\u0131r. \u0130lk s\u0131rada 88 firmayla Almanlar var. Ticaret Odam\u0131zda kay\u0131tl\u0131 \u00d6zbek karde\u015flerimizin ortakl\u0131\u011f\u0131ndaki \u015firket say\u0131s\u0131 ise 7\u2019dir. Bunlar\u0131n yabanc\u0131 sermaye tutar\u0131, 2 milyon 125 bin TL\u2019dir. \u00dclkemizde \u00d6zbek orta\u011f\u0131 bulunan \u015firket say\u0131s\u0131 ise 512\u2019dir. Yabanc\u0131 sermaye tutar\u0131 da 3 milyon dolard\u0131r. Yeni yat\u0131r\u0131mlar ve ticari i\u015f birliklerimizle, bunu daha da art\u0131rmak istiyoruz. \u00d6zbekistan, karde\u015f \u00fclkemiz. Toplant\u0131m\u0131z\u0131n da bu karde\u015fli\u011fimizin g\u00fc\u00e7lenmesine vesile olmas\u0131n\u0131 diliyorum&#8221; dedi.<\/p>\n<p>\u00d6zbekistan\u2019\u0131n Ankara B\u00fcy\u00fckel\u00e7isi \u0130lkhom Khaydarov ve beraberindeki heyette yer alan B\u00fcy\u00fckel\u00e7ilik M\u00fc\u015faviri Mashrab Mamirov, \u00c7al\u0131\u015fma Ata\u015fesi Yard\u0131mc\u0131s\u0131 Fotihhon O\u00e7ilov, Tekstil Sanayi Birli\u011fi Derne\u011fi Daire Ba\u015fkan\u0131 Nuriddin Makhamatov, Namangan Serbest Ekonomik B\u00f6lgesi Altyap\u0131 Ba\u015f Uzman\u0131 Orifkhon Azizov, Namangan Serbest Ekonomik B\u00f6lgesi Hukuk M\u00fc\u015faviri Bakhromjon Ibragimov, Bunyodkor Tekstil ve Bunyodkor End\u00fcstriyel Teknokent Genel M\u00fcd\u00fcr Yard\u0131mc\u0131s\u0131 Pirmazarov Abdulaziz, Bunyodkor Tekstil ve Bunyodkor End\u00fcstriyel Teknokent Tekstil Uzman\u0131 Teknolog Juma Ates, Yustex Kurucusu Akmal Yusupov ile \u00d6zbekistan\u2019dan gelen i\u015f insanlar\u0131, Denizli Ticaret Odas\u0131 (DTO) Y\u00f6netim Kurulu Ba\u015fkan\u0131 U\u011fur Erdo\u011fan\u2019\u0131n idaresinde DTO \u00fcyeleriyle lansman ve isti\u015fare toplant\u0131s\u0131 yapt\u0131.<\/p>\n<p>Ba\u015fkan Erdo\u011fan\u2019a, yak\u0131n ilgisinden dolay\u0131 te\u015fekk\u00fcr etti<br \/>\n<br \/>Denizli\u2019de ve DTO\u2019da bulunmaktan b\u00fcy\u00fck bir mutluluk duydu\u011funu dile getiren B\u00fcy\u00fckel\u00e7i \u0130lkhom Khaydarov ise yak\u0131n ilgisinden dolay\u0131 Ba\u015fkan Erdo\u011fan\u2019a te\u015fekk\u00fcr ederek s\u00f6zlerine ba\u015flad\u0131. B\u00fcy\u00fckel\u00e7i Khaydarov, &#8220;G\u00f6reve ba\u015flayal\u0131 hen\u00fcz 2,5 ay olmas\u0131na ra\u011fmen T\u00fcrkiye\u2019nin bir\u00e7ok iline gittim ve \u00f6zellikle de Denizli\u2019ye gelmek istedim. T\u00fcm b\u00fcy\u00fckel\u00e7iler g\u00f6revlerine ba\u015flarken kendilerine hedef belirlerler. Benimle hedefim, \u00d6zbekistan\u2019da bulunan nitelikli illerimiz ile T\u00fcrkiye\u2019nin en \u00f6nde gelen illeriyle i\u015f birliklerini art\u0131rmakt\u0131r. Denizli ile \u00e7al\u0131\u015fmak, bizim i\u00e7in \u00e7ok daha kolay olacakt\u0131r. Denizli, uluslararas\u0131 \u00e7apta tan\u0131nm\u0131\u015f ve ev tekstilinde \u00f6nde gelen illerden biridir. Elbette, \u00d6zbekistan da Denizli taraf\u0131ndan yap\u0131lan i\u015fleri kendine \u00f6rnek alarak de\u011ferlendirmeler yapmaktad\u0131r. 15 y\u0131l \u00f6nce \u00d6zbekistan\u2019da tekstil alan\u0131nda 100 milyon dolarl\u0131k bir ihracat yap\u0131l\u0131rken \u015fimdilerde ise 4 milyar dolarl\u0131k ihracata ula\u015f\u0131lm\u0131\u015ft\u0131r. \u00d6zbekistan, farkl\u0131 alanlarda da geli\u015fmektedir. O nedenle, heyetimizde \u00d6zbekistan\u2019dan bulunan i\u015f adamlar\u0131 ile Denizli i\u015f adamlar\u0131n\u0131n isti\u015farelerde bulunarak yeni i\u015f birliklerini hayata ge\u00e7irmelerini arzu ediyoruz. Sizleri \u00d6zbekistan\u2019a davet ediyoruz. Ben bir b\u00fcy\u00fckel\u00e7i olarak \u00d6zbekistan\u2019\u0131 pek tabi ki \u00f6verim ama siz as\u0131l bizzat gelin ve kendiniz g\u00f6r\u00fcn. Benim s\u00f6zlerimin, az bile kald\u0131\u011f\u0131n\u0131 kendi g\u00f6zlerinizle g\u00f6receksiniz. Bizi sizlerle bulu\u015fturan, bu toplant\u0131m\u0131z\u0131 d\u00fczenleyen Ba\u015fkan\u0131m\u0131z U\u011fur Erdo\u011fan ile sayg\u0131de\u011fer i\u015f insan\u0131 Oktay Mersin ba\u015fta olmak \u00fczere hepinize burada olman\u0131zdan dolay\u0131 te\u015fekk\u00fcr ediyorum&#8221; ifadelerini kulland\u0131.<\/p>\n<p>&#8220;Her horoz kendi \u00e7\u00f6pl\u00fc\u011f\u00fcnde, Denizli horozu ise her yerde \u00f6ter!&#8221;<br \/>\n<br \/>Ba\u015fkan Erdo\u011fan, toplant\u0131n\u0131n ard\u0131ndan B\u00fcy\u00fckel\u00e7i Khaydarov\u2019u makam\u0131nda da bir s\u00fcre a\u011f\u0131rlad\u0131. Toplant\u0131lar\u0131n\u0131 ve Denizli hakk\u0131ndaki isti\u015fare etti. \u0130kili, ziyaretin sonunda birbirlerine birer hediye takdim etti. Konu\u011funa Denizli horozunun simgelendi\u011fi bir plaket hediye eden Ba\u015fkan Erdo\u011fan, &#8220;Say\u0131n B\u00fcy\u00fckel\u00e7im, her horoz kendi \u00e7\u00f6pl\u00fc\u011f\u00fcnde, Denizli horozu ise her yerde \u00f6ter!&#8221; diyerek B\u00fcy\u00fckel\u00e7i Khaydarov\u2019u ve ekibini g\u00fcl\u00fcmsetti.<br \/>\n<br \/>Ziyaret, g\u00fcn\u00fcn an\u0131s\u0131na DTO hizmet binas\u0131 \u00f6n\u00fcnde verilen toplu haldeki pozla sona erdi.<br \/><\/p>\n","protected":false},"excerpt":{"rendered":"<p>Denizli Ticaret Odas\u0131 (DTO), \u00d6zbekistan\u2019\u0131n Ankara B\u00fcy\u00fckel\u00e7isi \u0130lkhom Khaydarov ile beraberindeki resmi heyeti, farkl\u0131 sekt\u00f6rlerdeki \u00fcyeleri ile bulu\u015fturdu. DTO Ba\u015fkan\u0131 U\u011fur Erdo\u011fan, ikili g\u00f6r\u00fc\u015fmelerin de oldu\u011fu toplant\u0131lar\u0131yla ilgili olarak, &#8220;Konuklar\u0131m\u0131za, \u015fehrimizi ve sekt\u00f6rlerimizi tan\u0131tt\u0131k. Yeni yat\u0131r\u0131m alanlar\u0131, i\u015f birlikleri ve sekt\u00f6rlerimizle ilgili isti\u015farede bulunduk ve sorular\u0131n\u0131 yan\u0131tlad\u0131k. Kat\u0131l\u0131mlar\u0131 ve g\u00f6sterdikleri yo\u011fun ilgiden dolay\u0131 hem \u00fcyelerimize&#8230;<\/p>\n","protected":false},"author":1,"featured_media":55264,"comment_status":"open","ping_status":"open","sticky":false,"template":"","format":"standard","meta":{"_crdt_document":"","footnotes":""},"categories":[125],"tags":[],"class_list":["post-55263","post","type-post","status-publish","format-standard","has-post-thumbnail","hentry","category-ekonomi"],"_links":{"self":[{"href":"https:\/\/www.egemtv.com\/index.php?rest_route=\/wp\/v2\/posts\/55263","targetHints":{"allow":["GET"]}}],"collection":[{"href":"https:\/\/www.egemtv.com\/index.php?rest_route=\/wp\/v2\/posts"}],"about":[{"href":"https:\/\/www.egemtv.com\/index.php?rest_route=\/wp\/v2\/types\/post"}],"author":[{"embeddable":true,"href":"https:\/\/www.egemtv.com\/index.php?rest_route=\/wp\/v2\/users\/1"}],"replies":[{"embeddable":true,"href":"https:\/\/www.egemtv.com\/index.php?rest_route=%2Fwp%2Fv2%2Fcomments&post=55263"}],"version-history":[{"count":1,"href":"https:\/\/www.egemtv.com\/index.php?rest_route=\/wp\/v2\/posts\/55263\/revisions"}],"predecessor-version":[{"id":55265,"href":"https:\/\/www.egemtv.com\/index.php?rest_route=\/wp\/v2\/posts\/55263\/revisions\/55265"}],"wp:featuredmedia":[{"embeddable":true,"href":"https:\/\/www.egemtv.com\/index.php?rest_route=\/wp\/v2\/media\/55264"}],"wp:attachment":[{"href":"https:\/\/www.egemtv.com\/index.php?rest_route=%2Fwp%2Fv2%2Fmedia&parent=55263"}],"wp:term":[{"taxonomy":"category","embeddable":true,"href":"https:\/\/www.egemtv.com\/index.php?rest_route=%2Fwp%2Fv2%2Fcategories&post=55263"},{"taxonomy":"post_tag","embeddable":true,"href":"https:\/\/www.egemtv.com\/index.php?rest_route=%2Fwp%2Fv2%2Ftags&post=55263"}],"curies":[{"name":"wp","href":"https:\/\/api.w.org\/{rel}","templated":true}]}}