{"id":55260,"date":"2025-09-16T15:35:42","date_gmt":"2025-09-16T12:35:42","guid":{"rendered":"https:\/\/www.egemtv.com\/?p=55260"},"modified":"2025-09-16T15:35:43","modified_gmt":"2025-09-16T12:35:43","slug":"manisada-kamyonetin-carptigi-bisikletli-oldu","status":"publish","type":"post","link":"https:\/\/www.egemtv.com\/?p=55260","title":{"rendered":"Manisa\u2019da kamyonetin \u00e7arpt\u0131\u011f\u0131 bisikletli \u00f6ld\u00fc"},"content":{"rendered":"<p>Manisa\u2019n\u0131n Salihli il\u00e7esinde kamyonet ile bisikletin \u00e7arp\u0131\u015fmas\u0131 sonucu meydana gelen trafik kazas\u0131nda, 44 ya\u015f\u0131ndaki bisiklet s\u00fcr\u00fcc\u00fcs\u00fc hayat\u0131n\u0131 kaybetti.<br \/>\n<br \/>Kaza, Salihli-Ala\u015fehir Karayolu Kabazl\u0131 Mahallesi mevkiinde meydana geldi. Al\u0131nan bilgiye g\u00f6re A.\u00c7.(53) idaresindeki 10 AKY 538 plakal\u0131 kamyonet ile Atakan G\u00fcng\u00f6r (44) idaresindeki bisikletliye arkadan \u00e7arpt\u0131.<br \/>\n<br \/>Kazada a\u011f\u0131r yaralanan bisiklet s\u00fcr\u00fcc\u00fcs\u00fc Atakan G\u00fcng\u00f6r, olay yerindeki m\u00fcdahalenin ard\u0131ndan Salihli Devlet Hastanesi\u2019nde tedavi alt\u0131na al\u0131nd\u0131. G\u00fcng\u00f6r, yap\u0131lan m\u00fcdahaleye ra\u011fmen kurtar\u0131lamad\u0131.<br \/>\n<br \/>Jandarma, kazayla ilgili olarak soru\u015fturma ba\u015flat\u0131rken, kamyonet s\u00fcr\u00fcc\u00fcs\u00fc A.\u00c7.\u2019nin g\u00f6zalt\u0131na al\u0131nd\u0131\u011f\u0131 \u00f6\u011frenildi.<br \/><\/p>\n","protected":false},"excerpt":{"rendered":"<p>Manisa\u2019n\u0131n Salihli il\u00e7esinde kamyonet ile bisikletin \u00e7arp\u0131\u015fmas\u0131 sonucu meydana gelen trafik kazas\u0131nda, 44 ya\u015f\u0131ndaki bisiklet s\u00fcr\u00fcc\u00fcs\u00fc hayat\u0131n\u0131 kaybetti. Kaza, Salihli-Ala\u015fehir Karayolu Kabazl\u0131 Mahallesi mevkiinde meydana geldi. Al\u0131nan bilgiye g\u00f6re A.\u00c7.(53) idaresindeki 10 AKY 538 plakal\u0131 kamyonet ile Atakan G\u00fcng\u00f6r (44) idaresindeki bisikletliye arkadan \u00e7arpt\u0131. Kazada a\u011f\u0131r yaralanan bisiklet s\u00fcr\u00fcc\u00fcs\u00fc Atakan G\u00fcng\u00f6r, olay yerindeki m\u00fcdahalenin ard\u0131ndan&#8230;<\/p>\n","protected":false},"author":1,"featured_media":55261,"comment_status":"open","ping_status":"open","sticky":false,"template":"","format":"standard","meta":{"_crdt_document":"","footnotes":""},"categories":[5],"tags":[],"class_list":["post-55260","post","type-post","status-publish","format-standard","has-post-thumbnail","hentry","category-asayis"],"_links":{"self":[{"href":"https:\/\/www.egemtv.com\/index.php?rest_route=\/wp\/v2\/posts\/55260","targetHints":{"allow":["GET"]}}],"collection":[{"href":"https:\/\/www.egemtv.com\/index.php?rest_route=\/wp\/v2\/posts"}],"about":[{"href":"https:\/\/www.egemtv.com\/index.php?rest_route=\/wp\/v2\/types\/post"}],"author":[{"embeddable":true,"href":"https:\/\/www.egemtv.com\/index.php?rest_route=\/wp\/v2\/users\/1"}],"replies":[{"embeddable":true,"href":"https:\/\/www.egemtv.com\/index.php?rest_route=%2Fwp%2Fv2%2Fcomments&post=55260"}],"version-history":[{"count":1,"href":"https:\/\/www.egemtv.com\/index.php?rest_route=\/wp\/v2\/posts\/55260\/revisions"}],"predecessor-version":[{"id":55262,"href":"https:\/\/www.egemtv.com\/index.php?rest_route=\/wp\/v2\/posts\/55260\/revisions\/55262"}],"wp:featuredmedia":[{"embeddable":true,"href":"https:\/\/www.egemtv.com\/index.php?rest_route=\/wp\/v2\/media\/55261"}],"wp:attachment":[{"href":"https:\/\/www.egemtv.com\/index.php?rest_route=%2Fwp%2Fv2%2Fmedia&parent=55260"}],"wp:term":[{"taxonomy":"category","embeddable":true,"href":"https:\/\/www.egemtv.com\/index.php?rest_route=%2Fwp%2Fv2%2Fcategories&post=55260"},{"taxonomy":"post_tag","embeddable":true,"href":"https:\/\/www.egemtv.com\/index.php?rest_route=%2Fwp%2Fv2%2Ftags&post=55260"}],"curies":[{"name":"wp","href":"https:\/\/api.w.org\/{rel}","templated":true}]}}