{"id":5526,"date":"2025-01-09T10:45:28","date_gmt":"2025-01-09T07:45:28","guid":{"rendered":"https:\/\/www.egemtv.com\/?p=5526"},"modified":"2025-01-09T10:45:40","modified_gmt":"2025-01-09T07:45:40","slug":"aralik-yagmurlari-menderesin-debisini-artirdi","status":"publish","type":"post","link":"https:\/\/www.egemtv.com\/?p=5526","title":{"rendered":"Aral\u0131k ya\u011fmurlar\u0131 Menderes\u2019in debisini art\u0131rd\u0131"},"content":{"rendered":"<p>Ayd\u0131n\u2019da tar\u0131m arazilerinin en b\u00fcy\u00fck su kayna\u011f\u0131 olan ve kurumaya y\u00fcz tutan B\u00fcy\u00fck Menderes Nehri\u2019nin debisi Aral\u0131k ya\u011f\u0131\u015flar\u0131 ile birlikte y\u00fckselirken yeniden bereket ta\u015f\u0131maya ba\u015flad\u0131.<\/p>\n<p>Ayd\u0131n tar\u0131m\u0131n\u0131n can damarlar\u0131ndan olan B\u00fcy\u00fck Menderes Nehri, uzun s\u00fcre ya\u011f\u0131\u015flar\u0131n olmamas\u0131 sebebiyle kurumaya y\u00fcz tutarken, Aral\u0131k ya\u011f\u0131\u015flar\u0131 \u00fcreticilerin y\u00fcz\u00fcn\u00fc g\u00fcld\u00fcrd\u00fc. Ayd\u0131n genelinde etkisini g\u00f6steren ya\u011f\u0131\u015flar, nehirdeki su miktar\u0131n\u0131 art\u0131r\u0131rken, Menderes Nehri\u2019nin debisi de y\u00fckseldi. Adeta eski g\u00fcnlerine d\u00f6nen Menderes Nehri, yeniden bereket ta\u015f\u0131maya ba\u015flad\u0131. Ge\u00e7ti\u011fimiz y\u0131llarda ve yaz aylar\u0131nda kurakl\u0131k ile beraber adac\u0131klar\u0131n olu\u015ftu\u011fu Menderes\u2019in Nehri\u2019nin eski g\u00fcnlerdeki gibi akt\u0131\u011f\u0131n\u0131 g\u00f6ren vatanda\u015flar ve \u00e7ift\u00e7iler ise mutlu olduklar\u0131n\u0131 belirtti.<\/p>\n<p>Uzun y\u0131llar ya\u011f\u0131\u015f ortalamas\u0131 661,7 kilogram olan Ayd\u0131n\u2019da, Aral\u0131k ay\u0131nda ortalama 122,6 kilogram ya\u011f\u0131\u015f d\u00fc\u015ferken Aral\u0131k ay\u0131 ile birlikte ya\u011f\u0131\u015flar\u0131n da gelmesi \u00fcreticileri sevindirdi.<br \/>\n<br \/><img fetchpriority=\"high\" decoding=\"async\" width=\"1280\" height=\"720\" src=\"https:\/\/www.egemtv.com\/wp-content\/uploads\/2025\/01\/aralik-yagmurlari-menderesin-debisini-artirdi_ecad6b96258f.jpg\" class=\"attachment-full size-full not-transparent\" alt=\"\" data-has-transparency=\"false\" data-dominant-color=\"828373\" style=\"--dominant-color: #828373\" \/><img decoding=\"async\" width=\"1280\" height=\"720\" src=\"https:\/\/www.egemtv.com\/wp-content\/uploads\/2025\/01\/aralik-yagmurlari-menderesin-debisini-artirdi_c2393c5714e4.jpg\" class=\"attachment-full size-full not-transparent\" alt=\"\" data-has-transparency=\"false\" data-dominant-color=\"82807a\" style=\"--dominant-color: #82807a\" \/><img decoding=\"async\" width=\"1280\" height=\"720\" src=\"https:\/\/www.egemtv.com\/wp-content\/uploads\/2025\/01\/aralik-yagmurlari-menderesin-debisini-artirdi_9d9485f75962.jpg\" class=\"attachment-full size-full not-transparent\" alt=\"\" data-has-transparency=\"false\" data-dominant-color=\"8f907f\" style=\"--dominant-color: #8f907f\" \/><img loading=\"lazy\" decoding=\"async\" width=\"1280\" height=\"720\" src=\"https:\/\/www.egemtv.com\/wp-content\/uploads\/2025\/01\/aralik-yagmurlari-menderesin-debisini-artirdi_8dfac2b00372.jpg\" class=\"attachment-full size-full not-transparent\" alt=\"\" data-has-transparency=\"false\" data-dominant-color=\"93968a\" style=\"--dominant-color: #93968a\" \/><img loading=\"lazy\" decoding=\"async\" width=\"1280\" height=\"720\" src=\"https:\/\/www.egemtv.com\/wp-content\/uploads\/2025\/01\/aralik-yagmurlari-menderesin-debisini-artirdi_d7d59b7a501c.jpg\" class=\"attachment-full size-full not-transparent\" alt=\"\" data-has-transparency=\"false\" data-dominant-color=\"747b6e\" style=\"--dominant-color: #747b6e\" \/><img loading=\"lazy\" decoding=\"async\" width=\"1280\" height=\"720\" src=\"https:\/\/www.egemtv.com\/wp-content\/uploads\/2025\/01\/aralik-yagmurlari-menderesin-debisini-artirdi_0974090226a0.jpg\" class=\"attachment-full size-full not-transparent\" alt=\"\" data-has-transparency=\"false\" data-dominant-color=\"7b8691\" style=\"--dominant-color: #7b8691\" \/><\/p>\n","protected":false},"excerpt":{"rendered":"<p>Ayd\u0131n\u2019da tar\u0131m arazilerinin en b\u00fcy\u00fck su kayna\u011f\u0131 olan ve kurumaya y\u00fcz tutan B\u00fcy\u00fck Menderes Nehri\u2019nin debisi Aral\u0131k ya\u011f\u0131\u015flar\u0131 ile birlikte y\u00fckselirken yeniden bereket ta\u015f\u0131maya ba\u015flad\u0131. Ayd\u0131n tar\u0131m\u0131n\u0131n can damarlar\u0131ndan olan B\u00fcy\u00fck Menderes Nehri, uzun s\u00fcre ya\u011f\u0131\u015flar\u0131n olmamas\u0131 sebebiyle kurumaya y\u00fcz tutarken, Aral\u0131k ya\u011f\u0131\u015flar\u0131 \u00fcreticilerin y\u00fcz\u00fcn\u00fc g\u00fcld\u00fcrd\u00fc. Ayd\u0131n genelinde etkisini g\u00f6steren ya\u011f\u0131\u015flar, nehirdeki su miktar\u0131n\u0131 art\u0131r\u0131rken,&#8230;<\/p>\n","protected":false},"author":1,"featured_media":5527,"comment_status":"open","ping_status":"open","sticky":false,"template":"","format":"standard","meta":{"_crdt_document":"","footnotes":""},"categories":[1],"tags":[],"class_list":["post-5526","post","type-post","status-publish","format-standard","has-post-thumbnail","hentry","category-guncel"],"_links":{"self":[{"href":"https:\/\/www.egemtv.com\/index.php?rest_route=\/wp\/v2\/posts\/5526","targetHints":{"allow":["GET"]}}],"collection":[{"href":"https:\/\/www.egemtv.com\/index.php?rest_route=\/wp\/v2\/posts"}],"about":[{"href":"https:\/\/www.egemtv.com\/index.php?rest_route=\/wp\/v2\/types\/post"}],"author":[{"embeddable":true,"href":"https:\/\/www.egemtv.com\/index.php?rest_route=\/wp\/v2\/users\/1"}],"replies":[{"embeddable":true,"href":"https:\/\/www.egemtv.com\/index.php?rest_route=%2Fwp%2Fv2%2Fcomments&post=5526"}],"version-history":[{"count":1,"href":"https:\/\/www.egemtv.com\/index.php?rest_route=\/wp\/v2\/posts\/5526\/revisions"}],"predecessor-version":[{"id":5534,"href":"https:\/\/www.egemtv.com\/index.php?rest_route=\/wp\/v2\/posts\/5526\/revisions\/5534"}],"wp:featuredmedia":[{"embeddable":true,"href":"https:\/\/www.egemtv.com\/index.php?rest_route=\/wp\/v2\/media\/5527"}],"wp:attachment":[{"href":"https:\/\/www.egemtv.com\/index.php?rest_route=%2Fwp%2Fv2%2Fmedia&parent=5526"}],"wp:term":[{"taxonomy":"category","embeddable":true,"href":"https:\/\/www.egemtv.com\/index.php?rest_route=%2Fwp%2Fv2%2Fcategories&post=5526"},{"taxonomy":"post_tag","embeddable":true,"href":"https:\/\/www.egemtv.com\/index.php?rest_route=%2Fwp%2Fv2%2Ftags&post=5526"}],"curies":[{"name":"wp","href":"https:\/\/api.w.org\/{rel}","templated":true}]}}