{"id":55257,"date":"2025-09-16T15:14:59","date_gmt":"2025-09-16T12:14:59","guid":{"rendered":"https:\/\/www.egemtv.com\/?p=55257"},"modified":"2025-09-16T15:15:00","modified_gmt":"2025-09-16T12:15:00","slug":"baskan-kasapoglu-denizli-agustos-ihracatinin-yuzde-55-artisla-409-milyon-dolara-ulasti","status":"publish","type":"post","link":"https:\/\/www.egemtv.com\/?p=55257","title":{"rendered":"Ba\u015fkan Kasapo\u011flu; &#8220;Denizli, A\u011fustos ihracat\u0131n\u0131n y\u00fczde 5,5 art\u0131\u015fla 409 milyon dolara ula\u015ft\u0131&#8221;"},"content":{"rendered":"<p>Denizli Sanayi Odas\u0131 (DSO) 2025 y\u0131l\u0131 Eyl\u00fcl Ay\u0131 Ola\u011fan Meclis Toplant\u0131s\u0131, M\u00fcjdat Ke\u00e7eci Meclis Salonu\u2019nda ger\u00e7ekle\u015ftirildi. Denizli\u2019nin A\u011fustos ihracat\u0131n\u0131n %5,5 art\u0131\u015fla 409 milyon dolara ula\u015ft\u0131\u011f\u0131n\u0131 belirten Kasapo\u011flu, Ocak-A\u011fustos d\u00f6neminde ise %8,2\u2019lik art\u0131\u015fla 3,1 milyar dolarl\u0131k ihracat ger\u00e7ekle\u015fti\u011fini aktard\u0131. Ayn\u0131 zamanda Ba\u015fkan Kasapo\u011flu,, 2026 y\u0131l\u0131n\u0131n ilk yar\u0131s\u0131nda G\u00fcney Ege Ye\u015fil D\u00f6n\u00fc\u015f\u00fcm ve Verimlilik Test Merkezi isimli merkezin de faaliyete ge\u00e7ece\u011finin m\u00fcjdesini verdi.<\/p>\n<p>Denizli Sanayi Odas\u0131 (DSO) 2025 y\u0131l\u0131 Eyl\u00fcl Ay\u0131 Ola\u011fan Meclis Toplant\u0131s\u0131, M\u00fcjdat Ke\u00e7eci Meclis Salonu\u2019nda ger\u00e7ekle\u015ftirildi. Meclis Ba\u015fkan Vekili Ahmet Zora\u2019n\u0131n a\u00e7\u0131l\u0131\u015f\u0131yla ba\u015flayan toplant\u0131da; g\u00fcncel ekonomik geli\u015fmeler, sekt\u00f6rel de\u011ferlendirmeler, Oda faaliyetleri ve gelecek d\u00f6nem \u00e7al\u0131\u015fmalar\u0131na ili\u015fkin g\u00fcndemler ele al\u0131nd\u0131. Toplant\u0131da konu\u015fan Y\u00f6netim Kurulu Ba\u015fkan\u0131 Selim Kasapo\u011flu, Denizli ihracat\u0131, k\u00fcresel ve ulusal ekonomik g\u00f6stergeler, istihdam verileri ve ge\u00e7ti\u011fimiz hafta a\u00e7\u0131klanan 2026-2028 Orta Vadeli Program\u2019daki (OVP) sanayiye y\u00f6nelik ba\u015fl\u0131klar hakk\u0131nda de\u011ferlendirmelerde bulundu. T\u00fcrkiye \u0130hracat\u00e7\u0131lar Meclisi (T\u0130M) verilerine g\u00f6re Denizli\u2019nin A\u011fustos ihracat\u0131n\u0131n %5,5 art\u0131\u015fla 409 milyon dolara ula\u015ft\u0131\u011f\u0131n\u0131 belirten Kasapo\u011flu, Ocak-A\u011fustos d\u00f6neminde ise y\u00fczde 8,2\u2019lik art\u0131\u015fla 3,1 milyar dolarl\u0131k ihracat ger\u00e7ekle\u015fti\u011fini aktard\u0131. Ba\u015fkan Kasapo\u011flu, &#8220;Denizli, 2025 y\u0131l\u0131nda 4. kez 400 milyon dolar ihracat s\u0131n\u0131r\u0131n\u0131 a\u015farak T\u00fcrkiye genelinde 9. s\u0131radaki konumunu korudu&#8221; dedi. Ba\u015fkan Kasapo\u011flu \u00f6zellikle kablo sekt\u00f6r\u00fcndeki y\u00fckseli\u015fe dikkat \u00e7ekerek, &#8220;Bak\u0131r ve kablo sekt\u00f6r\u00fcn\u00fcn ihracattaki pay\u0131 y\u00fczde 37,6\u2019ya ula\u015ft\u0131. Tekstil ve konfeksiyon ile sekt\u00f6r\u00fcm\u00fcz aras\u0131ndaki fark 8 puana \u00e7\u0131kt\u0131. Bu tablo, ihracat kompozisyonumuzun yeniden \u015fekillendi\u011fini g\u00f6steriyor&#8221; ifadelerini kulland\u0131.<\/p>\n<p>&#8220;\u0130malat sanayinin son bir y\u0131lda yakla\u015f\u0131k 108 bin istihdam kayb\u0131 ya\u015fand\u0131&#8221;<br \/>\n<br \/>Kasapo\u011flu, \u00fccretli \u00e7al\u0131\u015fanlar\u0131n sekt\u00f6rlere g\u00f6re da\u011f\u0131l\u0131m\u0131na da de\u011findi. \u0130malat sanayinin son bir y\u0131lda yakla\u015f\u0131k 108 bin istihdam kayb\u0131 ya\u015fad\u0131\u011f\u0131n\u0131 belirten Kasapo\u011flu, hizmetler sekt\u00f6r\u00fcne ge\u00e7i\u015fin h\u0131z kesmeden devam etti\u011fini vurgulad\u0131. Kasapo\u011flu, &#8220;Denizli gibi \u00fcretim kentlerinde mesleki e\u011fitimin sanayi ile entegrasyonunu art\u0131rmak ad\u0131na OSB\u2019lerde e\u011fitim yat\u0131r\u0131mlar\u0131n\u0131n desteklenmesi ve istihdam garantili programlar\u0131n yayg\u0131nla\u015ft\u0131r\u0131lmas\u0131 te\u015fvik edilmeli. DSO ME\u0130P gibi projelerin olumlu \u00e7\u0131kt\u0131lar\u0131n\u0131 art\u0131rabilmek ad\u0131na kamu, meslek lisesi mezunlar\u0131n\u0131n farkl\u0131 te\u015fviklere ve ayr\u0131cal\u0131klara kavu\u015fmas\u0131na \u00f6nc\u00fcl\u00fck etmeli.&#8221; diye konu\u015ftu.<\/p>\n<p>&#8220;Denizli sanayisi ad\u0131na bu projelerin \u00f6ncelikli kamu yat\u0131r\u0131mlar\u0131 aras\u0131nda yer almas\u0131 i\u00e7in t\u00fcm kap\u0131lar\u0131 zorlamaya devam edece\u011fiz&#8221;<br \/>\n<br \/>Toplant\u0131n\u0131n en \u00f6nemli g\u00fcndem maddelerinden biri olan 2026-2028 Orta Vadeli Program\u2019\u0131n DSO Meclisi\u2019nde kapsaml\u0131 \u015fekilde de\u011ferlendirildi\u011fini aktaran Kasapo\u011flu, sanayide y\u00fcksek katma de\u011fer, teknoloji odakl\u0131 d\u00f6n\u00fc\u015f\u00fcm, ye\u015fil d\u00f6n\u00fc\u015f\u00fcm\u00fcn h\u0131zlanmas\u0131 ve be\u015fer\u00ee sermayenin g\u00fc\u00e7lendirilmesi gibi hedeflerin olumlu bulundu\u011funu s\u00f6yledi. Ba\u015fkan Kasapo\u011flu, &#8220;Bu hedeflerin hayata ge\u00e7irilmesi i\u00e7in somut ad\u0131mlar at\u0131lmas\u0131 kritik \u00f6nemde. \u00d6zellikle kamu altyap\u0131 yat\u0131r\u0131mlar\u0131n\u0131n planlanan \u015fekilde devreye al\u0131nmas\u0131 sanayimizin gelece\u011fi a\u00e7\u0131s\u0131ndan belirleyici olacakt\u0131r&#8221; diye konu\u015ftu. OVP\u2019de yer alan rayl\u0131 sistem yat\u0131r\u0131mlar\u0131 konusuna da de\u011finen Kasapo\u011flu, &#8220;Y\u0131llard\u0131r g\u00fcndemde olmas\u0131na ra\u011fmen Denizli ve OSB\u2019lerimizin limanlara do\u011frudan demiryolu ba\u011flant\u0131s\u0131 iyile\u015ftirilemedi. Bu yat\u0131r\u0131m, lojistik maliyetleri azaltarak rekabet g\u00fcc\u00fcm\u00fcz\u00fc art\u0131racak. Denizli sanayisi ad\u0131na bu projelerin \u00f6ncelikli kamu yat\u0131r\u0131mlar\u0131 aras\u0131nda yer almas\u0131 i\u00e7in t\u00fcm kap\u0131lar\u0131 zorlamaya devam edece\u011fiz&#8221; dedi.<\/p>\n<p>&#8220;2026 y\u0131l\u0131n\u0131n ilk yar\u0131s\u0131nda G\u00fcney Ege Ye\u015fil D\u00f6n\u00fc\u015f\u00fcm ve Verimlilik Test Merkezi isimli merkezin de faaliyete ge\u00e7ece\u011fiz&#8221;<br \/>\n<br \/>Oda faaliyetlerini Meclis \u00fcyelerine aktaran Kasapo\u011flu, &#8220;Sanayi ve Teknoloji Bakanl\u0131\u011f\u0131m\u0131z ve Birle\u015fmi\u015f Milletler Kalk\u0131nma Program\u0131n\u0131n (UNDP) destekleri, t\u00fcm payda\u015flar\u0131m\u0131z\u0131n katk\u0131lar\u0131yla Denizli Model Fabrikam\u0131z\u0131 hizmet vermeye haz\u0131r hale getirdik ve ilk \u00f6\u011fren- d\u00f6n\u00fc\u015f programlar\u0131m\u0131za 17 Eyl\u00fcl\u2019de ba\u015fl\u0131yoruz. Say\u0131n Bakan\u0131m\u0131z\u0131n ilimize te\u015frifleriyle resmi a\u00e7\u0131l\u0131\u015f\u0131n\u0131 da yak\u0131n bir tarihte ger\u00e7ekle\u015ftirmeyi planl\u0131yoruz&#8221; diye konu\u015ftu. Denizli Model Fabrika kompleksi i\u00e7inde ayr\u0131ca enerji verimlili\u011fi dan\u0131\u015fmanl\u0131\u011f\u0131n\u0131 ve karbon ayak izi hesaplama hizmetini sunacak bir merkez kurduklar\u0131n\u0131 ve \u00fc\u00e7 enerji sistemleri m\u00fchendisi istihdam ettiklerini belirten Kasapo\u011flu, 2026 y\u0131l\u0131n\u0131n ilk yar\u0131s\u0131nda G\u00fcney Ege Ye\u015fil D\u00f6n\u00fc\u015f\u00fcm ve Verimlilik Test Merkezi isimli merkezin de faaliyete ge\u00e7ece\u011fi m\u00fcjdesini verdi.<\/p>\n<p>Toplant\u0131da ayr\u0131ca G\u00fcney Ege Kalk\u0131nma Ajans\u0131 (GEKA) Genel Sekreteri \u00dcmit G\u00fclya\u011f\u0131, Sanayi Politikalar\u0131 Birim Ba\u015fkan\u0131 Dr. Bar\u0131\u015f K\u0131yak ve Yat\u0131r\u0131m Destek Ofisi Uzman\u0131 \u0130rfan Sezgin, &#8220;Yerel Kalk\u0131nma Hamlesi&#8221; ba\u015fl\u0131kl\u0131 bir sunum ger\u00e7ekle\u015ftirdi. GEKA yetkilileri, b\u00f6lgesel kalk\u0131nma hedefleri do\u011frultusunda yeni te\u015fvik mekanizmalar\u0131 ve destek programlar\u0131n\u0131 payla\u015farak, sanayicilerin bu imkanlardan nas\u0131l yararlanabilece\u011fi konusunda detayl\u0131 bilgiler verdi. Ba\u015fkan Kasapo\u011flu, GEKA yetkililerine b\u00f6lge ve Denizli sanayisine yapt\u0131\u011f\u0131 katk\u0131lar dolay\u0131s\u0131yla te\u015fekk\u00fcrlerini sunarken, \u00f6zellikle Yerel Kalk\u0131nma Hamlesi Program kapsam\u0131n\u0131n, Denizli\u2019nin konvansiyonel sekt\u00f6rlerini de kapsayacak \u015fekilde geni\u015fletilmesi, ilin g\u00fc\u00e7l\u00fc oldu\u011fu \u00fcretim alanlar\u0131n\u0131 merkeze alan esnek bir destek sisteminin olu\u015fturulmas\u0131 beklentilerini ifade etti.<\/p>\n<p>Meclis toplant\u0131s\u0131, g\u00fcndem maddelerinin g\u00f6r\u00fc\u015f\u00fclmesi ve \u00fcyelerin dilek-temennilerinin ard\u0131ndan sona erdi.<br \/><\/p>\n","protected":false},"excerpt":{"rendered":"<p>Denizli Sanayi Odas\u0131 (DSO) 2025 y\u0131l\u0131 Eyl\u00fcl Ay\u0131 Ola\u011fan Meclis Toplant\u0131s\u0131, M\u00fcjdat Ke\u00e7eci Meclis Salonu\u2019nda ger\u00e7ekle\u015ftirildi. Denizli\u2019nin A\u011fustos ihracat\u0131n\u0131n %5,5 art\u0131\u015fla 409 milyon dolara ula\u015ft\u0131\u011f\u0131n\u0131 belirten Kasapo\u011flu, Ocak-A\u011fustos d\u00f6neminde ise %8,2\u2019lik art\u0131\u015fla 3,1 milyar dolarl\u0131k ihracat ger\u00e7ekle\u015fti\u011fini aktard\u0131. Ayn\u0131 zamanda Ba\u015fkan Kasapo\u011flu,, 2026 y\u0131l\u0131n\u0131n ilk yar\u0131s\u0131nda G\u00fcney Ege Ye\u015fil D\u00f6n\u00fc\u015f\u00fcm ve Verimlilik Test Merkezi isimli&#8230;<\/p>\n","protected":false},"author":1,"featured_media":55258,"comment_status":"open","ping_status":"open","sticky":false,"template":"","format":"standard","meta":{"_crdt_document":"","footnotes":""},"categories":[125],"tags":[],"class_list":["post-55257","post","type-post","status-publish","format-standard","has-post-thumbnail","hentry","category-ekonomi"],"_links":{"self":[{"href":"https:\/\/www.egemtv.com\/index.php?rest_route=\/wp\/v2\/posts\/55257","targetHints":{"allow":["GET"]}}],"collection":[{"href":"https:\/\/www.egemtv.com\/index.php?rest_route=\/wp\/v2\/posts"}],"about":[{"href":"https:\/\/www.egemtv.com\/index.php?rest_route=\/wp\/v2\/types\/post"}],"author":[{"embeddable":true,"href":"https:\/\/www.egemtv.com\/index.php?rest_route=\/wp\/v2\/users\/1"}],"replies":[{"embeddable":true,"href":"https:\/\/www.egemtv.com\/index.php?rest_route=%2Fwp%2Fv2%2Fcomments&post=55257"}],"version-history":[{"count":1,"href":"https:\/\/www.egemtv.com\/index.php?rest_route=\/wp\/v2\/posts\/55257\/revisions"}],"predecessor-version":[{"id":55259,"href":"https:\/\/www.egemtv.com\/index.php?rest_route=\/wp\/v2\/posts\/55257\/revisions\/55259"}],"wp:featuredmedia":[{"embeddable":true,"href":"https:\/\/www.egemtv.com\/index.php?rest_route=\/wp\/v2\/media\/55258"}],"wp:attachment":[{"href":"https:\/\/www.egemtv.com\/index.php?rest_route=%2Fwp%2Fv2%2Fmedia&parent=55257"}],"wp:term":[{"taxonomy":"category","embeddable":true,"href":"https:\/\/www.egemtv.com\/index.php?rest_route=%2Fwp%2Fv2%2Fcategories&post=55257"},{"taxonomy":"post_tag","embeddable":true,"href":"https:\/\/www.egemtv.com\/index.php?rest_route=%2Fwp%2Fv2%2Ftags&post=55257"}],"curies":[{"name":"wp","href":"https:\/\/api.w.org\/{rel}","templated":true}]}}