{"id":55254,"date":"2025-09-16T15:14:58","date_gmt":"2025-09-16T12:14:58","guid":{"rendered":"https:\/\/www.egemtv.com\/?p=55254"},"modified":"2025-09-16T15:14:59","modified_gmt":"2025-09-16T12:14:59","slug":"rektor-savas-yeni-ogrencilerle-bulustu-universitenin-sundugu-imkanlari-anlatti","status":"publish","type":"post","link":"https:\/\/www.egemtv.com\/?p=55254","title":{"rendered":"Rekt\u00f6r Sava\u015f yeni \u00f6\u011frencilerle bulu\u015ftu, \u00fcniversitenin sundu\u011fu imk\u00e2nlar\u0131 anlatt\u0131"},"content":{"rendered":"<p>U\u015fak \u00dcniversitesi Rekt\u00f6r\u00fc Prof. Dr. Ekrem Sava\u015f, Rekt\u00f6r-\u00d6\u011frenci Bulu\u015fmas\u0131 kapsam\u0131nda \u00fcniversiteye yeni kay\u0131t yapt\u0131ran \u00f6\u011frencilerle bulu\u015ftu.<br \/>\n<br \/>U\u015fak \u00dcniversitesi Recep Tayyip Erdo\u011fan Kongre ve K\u00fclt\u00fcr Merkezi\u2019nde d\u00fczenlenen programa Rekt\u00f6r Prof. Dr. Sava\u015f\u2019\u0131n yan\u0131 s\u0131ra Prof. Dr. Kenan Ta\u015f, Prof. Dr. L\u00fctfi \u00d6zav ile Prof. Dr. Osman Birgin, Genel Sekreter B\u00fclent \u015eahin, fak\u00fcltelerin dekanlar\u0131, meslek y\u00fcksekokullar\u0131 m\u00fcd\u00fcrleri, akademisyenler ve birinci s\u0131n\u0131f \u00f6\u011frencileri kat\u0131ld\u0131. Programda Rekt\u00f6r Prof. Dr. Sava\u015f, \u00f6\u011frencilere hem \u00fcniversite hem de sosyal ya\u015fam hakk\u0131nda \u00f6nemli bilgiler verdi.<br \/>\n<br \/>\u00d6\u011frencilere \u00fcniversiteden mezun olana kadar ge\u00e7en s\u00fcreyi \u00e7ok iyi de\u011ferlendirmeleri gerekti\u011fini ifade eden Rekt\u00f6r Sava\u015f, &#8220;Bu \u00fclke i\u00e7in, kendiniz i\u00e7in ve aileniz i\u00e7in g\u00fczel \u00e7al\u0131\u015fmalara imza at\u0131n. \u00c7ok \u00e7al\u0131\u015f\u0131n. \u0130nsanlar\u0131n kalbinde iz b\u0131rakan ba\u015far\u0131l\u0131 \u00e7al\u0131\u015fmalar ortaya koyun.&#8221; dedi.<br \/>\n<br \/>U\u015fak \u00dcniversitesi\u2019nin \u00f6\u011frenci odakl\u0131 ve uluslararas\u0131 bir vizyona sahip oldu\u011funu vurgulayan Rekt\u00f6r Prof. Dr. Ekrem Sava\u015f &#8220;\u00dcniversitemiz; g\u00fc\u00e7l\u00fc altyap\u0131s\u0131, nitelikli akademik kadrosu, proje ve AR-GE temelli \u00e7al\u0131\u015fmalar\u0131yla k\u0131sa s\u00fcrede ulusal ve uluslararas\u0131 alanda sayg\u0131n bir konuma ula\u015fm\u0131\u015ft\u0131r. Bu y\u0131l y\u00fczde 98 doluluk oran\u0131yla tercih edilen \u00fcniversiteler aras\u0131nda yer almak bizler i\u00e7in gurur kayna\u011f\u0131d\u0131r. Sizleri aram\u0131zda g\u00f6rmekten mutluluk duyuyor, U\u015fak \u00dcniversitesi ailesine ho\u015f geldiniz diyorum.&#8221; dedi.<br \/>\n<br \/>Konu\u015fmas\u0131nda \u00f6\u011frencilere akademik ve sosyal hayatlar\u0131na y\u00f6n verecek tavsiyelerde bulunan Prof. Dr. Sava\u015f, \u00fcniversitenin sundu\u011fu geni\u015f imk\u00e2nlara dikkati \u00e7ekti. U\u015fak \u00dcniversitesi\u2019nin Y\u00d6KAK\u2019tan 5 y\u0131ll\u0131k tam akreditasyon alan say\u0131l\u0131 \u00fcniversitelerden biri oldu\u011funu hat\u0131rlatan Sava\u015f, uluslararas\u0131 s\u0131ralamalarda elde edilen ba\u015far\u0131lar\u0131n da alt\u0131n\u0131 \u00e7izdi.<br \/>\n<br \/>U\u015fak \u00dcniversitesinin gen\u00e7 bir \u00fcniversite olmas\u0131na ra\u011fmen &#8220;az zamanda \u00e7ok ve b\u00fcy\u00fck i\u015fler&#8221; yapm\u0131\u015f bir \u00fcniversite oldu\u011funun alt\u0131n\u0131 \u00e7izen Prof. Dr. Ekrem Sava\u015f \u2018\u2018Y\u00fcksek\u00f6\u011fretim Kalite Kurulu\u2019ndan 5 y\u0131ll\u0131k tam kurumsal akreditasyon belgesi almaya hak kazanan say\u0131l\u0131 \u00fcniversitelerden biriyiz. D\u00fcnyan\u0131n en \u00f6nemli akredite kurulu\u015flar\u0131n\u0131n (THE, QS gibi) listelerinde d\u00fcnyan\u0131n ilk 1000 \u00fcniversitesi i\u00e7inde yer al\u0131yoruz. \u00dcniversitemiz d\u00fcnya en ye\u015fil kamp\u00fcsler s\u0131ralamas\u0131nda 676. s\u0131rada. \u2018Spor Dostu Kamp\u00fcs\u2019 \u00f6d\u00fcl\u00fcne sahip olan \u00fcniversitemiz t\u00fcm ihtiya\u00e7lar\u0131n\u0131za cevap vermektedir. U\u015fak \u00dcniversitesi Ege B\u00f6lgesinde en \u00e7ok \u00f6\u011frenci projesi olan 2\u2019nci \u00fcniversiteyiz. \u0130nan\u0131yorum ki bu y\u0131l sizlerle birlikte \u00e7ok daha g\u00fczel i\u015flere imza atmaya devam edece\u011fiz. Hep birlikte projeler ile birlikte TEKNOFEST\u2019e hem bilimsel hem de sosyal alanlarda \u00fcniversitemizin ad\u0131n\u0131 daha da \u00fcst s\u0131ralara ta\u015f\u0131yaca\u011f\u0131z\u2019\u2019 \u015feklinde konu\u015ftu.<br \/>\n<br \/>Rekt\u00f6r Prof. Dr. Ekrem Sava\u015f konu\u015fmas\u0131nda \u00f6\u011frencilere tavsiyelerde bulunarak, yabanc\u0131 dil \u00f6\u011frenimi konusunda neler yapabileceklerini ve bu konuda U\u015fak \u00dcniversitesi S\u00fcrekli E\u011fitim Merkezinde \u00fccretsiz kurslar verildi\u011fini aktard\u0131. Rekt\u00f6r Sava\u015f, &#8220;Bir d\u00f6neminizi ya da iki d\u00f6neminizi yurt d\u0131\u015f\u0131 \u00fcniversitelerde ge\u00e7irmeniz i\u00e7in her t\u00fcrl\u00fc imkan\u0131 sa\u011fl\u0131yoruz. Mutlaka bu programlardan yararlan\u0131n.\u2019\u2019 dedi.<br \/>\n<br \/>Prof. Dr. Sava\u015f, Rekt\u00f6r \u0130leti\u015fim Sistemi sayesinde \u00f6\u011frencilere do\u011frudan kendisine ula\u015fma imk\u00e2n\u0131 sunduklar\u0131n\u0131 ifade ederek, &#8220;Sorunlar\u0131n\u0131z\u0131 do\u011fru ki\u015filerle payla\u015f\u0131n. Sizler bizim i\u00e7in \u00e7ok de\u011ferlisiniz. Bana do\u011frudan ula\u015farak talep ve isteklerinizi iletebilirsiniz.&#8221; diye konu\u015ftu.<br \/>\n<br \/>\u00dcniversitede \u00f6\u011frencilerin bilimsel ve sosyal etkinliklere kat\u0131l\u0131m\u0131n\u0131 te\u015fvik eden &#8220;\u00c7ok Sosyalim Diplomas\u0131&#8221; uygulamas\u0131na da de\u011finen Prof. Dr. Sava\u015f, \u00f6\u011frencilere &#8220;Mezun oldu\u011funuzda normal diploman\u0131z\u0131n yan\u0131nda &#8220;\u00c7ok Sosyalim Diplomas\u0131&#8221; da veriyoruz. Kat\u0131ld\u0131\u011f\u0131n\u0131z sosyal-k\u00fclt\u00fcrel, bilimsel etkinlikler bu diplomada yer alacak. Topluluklarda aktif olun, etkinliklere kat\u0131l\u0131n, ilgi alanlar\u0131n\u0131z\u0131 geli\u015ftirin. Bu, mezuniyet sonras\u0131 ya\u015fam\u0131n\u0131za b\u00fcy\u00fck katk\u0131 sa\u011flayacakt\u0131r&#8221; s\u00f6zleriyle seslendi.<br \/>\n<br \/>\u00d6\u011frenci topluluklar\u0131 stantlar\u0131 ilgi g\u00f6rd\u00fc<br \/>\n<br \/>\u00d6\u011frenci topluluklar\u0131 stantlar\u0131n\u0131 ziyaret eden Rekt\u00f6r Sava\u015f, \u00e7al\u0131\u015fmalar hakk\u0131nda bilgi ald\u0131. Rekt\u00f6r Sava\u015f\u2019\u0131 aralar\u0131nda g\u00f6rmekten mutlu olan \u00f6\u011frenciler Prof. Dr. Ekrem Sava\u015f\u2019la tan\u0131\u015f\u0131p bol bol hat\u0131ra foto\u011fraf\u0131 da \u00e7ektirdiler.<br \/>\n<br \/>Rekt\u00f6r-\u00f6\u011frenci bulu\u015fmas\u0131n\u0131n ard\u0131ndan, Bir Eyl\u00fcl Yerle\u015fkesi\u2019nde kurulan \u00f6\u011frenci topluluklar\u0131 stantlar\u0131 ziyaret edildi. U\u015fak \u00dcniversitesi b\u00fcnyesinde faaliyet g\u00f6steren \u00f6\u011frenci topluluklar\u0131, yeni \u00fcyelere kendilerini tan\u0131tma f\u0131rsat\u0131 bulurken, \u00f6\u011frenciler ilgi duyduklar\u0131 alanlara g\u00f6re topluluklara kaydoldu. Etkinlik lokma da\u011f\u0131t\u0131m\u0131n\u0131n ard\u0131ndan sona erdi.<br \/><\/p>\n","protected":false},"excerpt":{"rendered":"<p>U\u015fak \u00dcniversitesi Rekt\u00f6r\u00fc Prof. Dr. Ekrem Sava\u015f, Rekt\u00f6r-\u00d6\u011frenci Bulu\u015fmas\u0131 kapsam\u0131nda \u00fcniversiteye yeni kay\u0131t yapt\u0131ran \u00f6\u011frencilerle bulu\u015ftu. U\u015fak \u00dcniversitesi Recep Tayyip Erdo\u011fan Kongre ve K\u00fclt\u00fcr Merkezi\u2019nde d\u00fczenlenen programa Rekt\u00f6r Prof. Dr. Sava\u015f\u2019\u0131n yan\u0131 s\u0131ra Prof. Dr. Kenan Ta\u015f, Prof. Dr. L\u00fctfi \u00d6zav ile Prof. Dr. Osman Birgin, Genel Sekreter B\u00fclent \u015eahin, fak\u00fcltelerin dekanlar\u0131, meslek y\u00fcksekokullar\u0131 m\u00fcd\u00fcrleri,&#8230;<\/p>\n","protected":false},"author":1,"featured_media":55255,"comment_status":"open","ping_status":"open","sticky":false,"template":"","format":"standard","meta":{"_crdt_document":"","footnotes":""},"categories":[1],"tags":[],"class_list":["post-55254","post","type-post","status-publish","format-standard","has-post-thumbnail","hentry","category-guncel"],"_links":{"self":[{"href":"https:\/\/www.egemtv.com\/index.php?rest_route=\/wp\/v2\/posts\/55254","targetHints":{"allow":["GET"]}}],"collection":[{"href":"https:\/\/www.egemtv.com\/index.php?rest_route=\/wp\/v2\/posts"}],"about":[{"href":"https:\/\/www.egemtv.com\/index.php?rest_route=\/wp\/v2\/types\/post"}],"author":[{"embeddable":true,"href":"https:\/\/www.egemtv.com\/index.php?rest_route=\/wp\/v2\/users\/1"}],"replies":[{"embeddable":true,"href":"https:\/\/www.egemtv.com\/index.php?rest_route=%2Fwp%2Fv2%2Fcomments&post=55254"}],"version-history":[{"count":1,"href":"https:\/\/www.egemtv.com\/index.php?rest_route=\/wp\/v2\/posts\/55254\/revisions"}],"predecessor-version":[{"id":55256,"href":"https:\/\/www.egemtv.com\/index.php?rest_route=\/wp\/v2\/posts\/55254\/revisions\/55256"}],"wp:featuredmedia":[{"embeddable":true,"href":"https:\/\/www.egemtv.com\/index.php?rest_route=\/wp\/v2\/media\/55255"}],"wp:attachment":[{"href":"https:\/\/www.egemtv.com\/index.php?rest_route=%2Fwp%2Fv2%2Fmedia&parent=55254"}],"wp:term":[{"taxonomy":"category","embeddable":true,"href":"https:\/\/www.egemtv.com\/index.php?rest_route=%2Fwp%2Fv2%2Fcategories&post=55254"},{"taxonomy":"post_tag","embeddable":true,"href":"https:\/\/www.egemtv.com\/index.php?rest_route=%2Fwp%2Fv2%2Ftags&post=55254"}],"curies":[{"name":"wp","href":"https:\/\/api.w.org\/{rel}","templated":true}]}}