{"id":55251,"date":"2025-09-16T14:55:42","date_gmt":"2025-09-16T11:55:42","guid":{"rendered":"https:\/\/www.egemtv.com\/?p=55251"},"modified":"2025-09-16T14:55:43","modified_gmt":"2025-09-16T11:55:43","slug":"nazilli-belediyesi-yildiztepede-yol-yenileme-calismalarina-basladi","status":"publish","type":"post","link":"https:\/\/www.egemtv.com\/?p=55251","title":{"rendered":"Nazilli Belediyesi Y\u0131ld\u0131ztepe\u2019de yol yenileme \u00e7al\u0131\u015fmalar\u0131na ba\u015flad\u0131"},"content":{"rendered":"<p>Nazilli Belediyesi, il\u00e7enin farkl\u0131 noktalar\u0131nda e\u015f zamanl\u0131 olarak s\u00fcrd\u00fcrd\u00fc\u011f\u00fc yol yenileme \u00e7al\u0131\u015fmalar\u0131na Y\u0131ld\u0131ztepe Mahallesi\u2019nde devam ediyor.<\/p>\n<p>Fen \u0130\u015fleri M\u00fcd\u00fcrl\u00fc\u011f\u00fc ekipleri, Y\u0131ld\u0131ztepe Mahallesi 5 Sokak\u2019ta eski ve kullan\u0131\u015fs\u0131z asfalt yolu kaz\u0131yarak parke ta\u015f\u0131 d\u00f6\u015femeye uygun hale getirdi. Y\u00fcr\u00fct\u00fclen \u00e7al\u0131\u015fmalar\u0131 yerinde inceleyerek ekiplerden bilgi alan Nazilli Belediye Ba\u015fkan\u0131 Dr. Ertu\u011frul Tetik; &#8220;Nazillimizin d\u00f6rt bir yan\u0131nda e\u015f zamanl\u0131 olarak yol yenileme \u00e7al\u0131\u015fmalar\u0131m\u0131z devam ediyor. Kurtulu\u015f, \u0130sabeyli, Dall\u0131ca ve Y\u0131ld\u0131ztepe Mahallelerimizde yollar\u0131m\u0131z\u0131 yeniliyoruz. Biz g\u00f6reve geldi\u011fimizde Nazillimizdeki en k\u00f6t\u00fc yerlerden, hi\u00e7 yolu olmayan alanlardan ba\u015flayaca\u011f\u0131z demi\u015ftik. O noktalardan biri de \u015fu an bulundu\u011fumuz 5 Sokak ve \u00e7evresindeki alan. K\u0131\u015f aylar\u0131 gelmeden yollar\u0131m\u0131z\u0131 tamamlay\u0131p halk\u0131m\u0131z\u0131n hizmetine sunmay\u0131 planl\u0131yoruz&#8221; s\u00f6zlerini kaydetti.<\/p>\n<p>\u00c7al\u0131\u015fmalar\u0131n yaln\u0131zca Y\u0131ld\u0131ztepe ile s\u0131n\u0131rl\u0131 kalmayaca\u011f\u0131n\u0131 belirterek, Nazilli\u2019nin farkl\u0131 mahallelerinde de benzer yol yenileme ve bak\u0131m \u00e7al\u0131\u015fmalar\u0131n\u0131n aral\u0131ks\u0131z devam edece\u011fini ifade eden Ba\u015fkan Tetik; vatanda\u015flar\u0131n ula\u015f\u0131mda ya\u015fad\u0131\u011f\u0131 sorunlar\u0131 ortadan kald\u0131rmay\u0131 hedeflediklerini dile getirerek modern, g\u00fcvenli ve konforlu yollarla Nazilli\u2019yi gelece\u011fe haz\u0131rlad\u0131klar\u0131n\u0131 vurgulad\u0131.<br \/><\/p>\n","protected":false},"excerpt":{"rendered":"<p>Nazilli Belediyesi, il\u00e7enin farkl\u0131 noktalar\u0131nda e\u015f zamanl\u0131 olarak s\u00fcrd\u00fcrd\u00fc\u011f\u00fc yol yenileme \u00e7al\u0131\u015fmalar\u0131na Y\u0131ld\u0131ztepe Mahallesi\u2019nde devam ediyor. Fen \u0130\u015fleri M\u00fcd\u00fcrl\u00fc\u011f\u00fc ekipleri, Y\u0131ld\u0131ztepe Mahallesi 5 Sokak\u2019ta eski ve kullan\u0131\u015fs\u0131z asfalt yolu kaz\u0131yarak parke ta\u015f\u0131 d\u00f6\u015femeye uygun hale getirdi. Y\u00fcr\u00fct\u00fclen \u00e7al\u0131\u015fmalar\u0131 yerinde inceleyerek ekiplerden bilgi alan Nazilli Belediye Ba\u015fkan\u0131 Dr. Ertu\u011frul Tetik; &#8220;Nazillimizin d\u00f6rt bir yan\u0131nda e\u015f zamanl\u0131&#8230;<\/p>\n","protected":false},"author":1,"featured_media":55252,"comment_status":"open","ping_status":"open","sticky":false,"template":"","format":"standard","meta":{"_crdt_document":"","footnotes":""},"categories":[1],"tags":[],"class_list":["post-55251","post","type-post","status-publish","format-standard","has-post-thumbnail","hentry","category-guncel"],"_links":{"self":[{"href":"https:\/\/www.egemtv.com\/index.php?rest_route=\/wp\/v2\/posts\/55251","targetHints":{"allow":["GET"]}}],"collection":[{"href":"https:\/\/www.egemtv.com\/index.php?rest_route=\/wp\/v2\/posts"}],"about":[{"href":"https:\/\/www.egemtv.com\/index.php?rest_route=\/wp\/v2\/types\/post"}],"author":[{"embeddable":true,"href":"https:\/\/www.egemtv.com\/index.php?rest_route=\/wp\/v2\/users\/1"}],"replies":[{"embeddable":true,"href":"https:\/\/www.egemtv.com\/index.php?rest_route=%2Fwp%2Fv2%2Fcomments&post=55251"}],"version-history":[{"count":1,"href":"https:\/\/www.egemtv.com\/index.php?rest_route=\/wp\/v2\/posts\/55251\/revisions"}],"predecessor-version":[{"id":55253,"href":"https:\/\/www.egemtv.com\/index.php?rest_route=\/wp\/v2\/posts\/55251\/revisions\/55253"}],"wp:featuredmedia":[{"embeddable":true,"href":"https:\/\/www.egemtv.com\/index.php?rest_route=\/wp\/v2\/media\/55252"}],"wp:attachment":[{"href":"https:\/\/www.egemtv.com\/index.php?rest_route=%2Fwp%2Fv2%2Fmedia&parent=55251"}],"wp:term":[{"taxonomy":"category","embeddable":true,"href":"https:\/\/www.egemtv.com\/index.php?rest_route=%2Fwp%2Fv2%2Fcategories&post=55251"},{"taxonomy":"post_tag","embeddable":true,"href":"https:\/\/www.egemtv.com\/index.php?rest_route=%2Fwp%2Fv2%2Ftags&post=55251"}],"curies":[{"name":"wp","href":"https:\/\/api.w.org\/{rel}","templated":true}]}}