{"id":55245,"date":"2025-09-16T14:55:40","date_gmt":"2025-09-16T11:55:40","guid":{"rendered":"https:\/\/www.egemtv.com\/?p=55245"},"modified":"2025-09-16T14:55:41","modified_gmt":"2025-09-16T11:55:41","slug":"somasporun-kupadaki-rakibi-cankaya","status":"publish","type":"post","link":"https:\/\/www.egemtv.com\/?p=55245","title":{"rendered":"Somaspor\u2019un kupadaki rakibi \u00c7ankaya"},"content":{"rendered":"<p>Somaspor, Ziraat T\u00fcrkiye Kupas\u0131 2. Tur ma\u00e7\u0131nda kendi sahas\u0131nda 3. Lig temsilcisi Aston Enerji \u00c7ankaya Spor Kul\u00fcb\u00fc\u2019n\u00fc a\u011f\u0131rlayacak. Siyah-beyazl\u0131 ekip, taraftar\u0131 \u00f6n\u00fcnde galip gelerek 3. tura y\u00fckselmeyi hedefliyor.<br \/>\n<br \/>Ziraat T\u00fcrkiye Kupas\u0131 2. Tur eleme ma\u00e7\u0131nda Manisa\u2019n\u0131n 2. Lig temsilcisi Somaspor, 3. Lig ekibi A.S. \u00c7ankaya SK\u2019y\u0131 konuk edecek. Siyah-beyazl\u0131 ekip, taraftar\u0131 \u00f6n\u00fcnde oynayaca\u011f\u0131 kar\u015f\u0131la\u015fmay\u0131 kazanarak kupada 3. tura y\u00fckselmeyi hedefliyor.<br \/>\n<br \/>Somaspor, Ziraat T\u00fcrkiye Kupas\u0131 1. Tur ma\u00e7\u0131nda Edirne deplasman\u0131nda Edirnespor ile kar\u015f\u0131la\u015ft\u0131. M\u00fccadelenin 6. dakikas\u0131nda \u00d6m\u00fcr Pekta\u015f\u2019\u0131n gol\u00fcyle 1-0 \u00f6ne ge\u00e7en Somaspor, sahaya 9 ki\u015fi \u00e7\u0131kan Edirnespor\u2019un 3 oyuncusunun sakatl\u0131k nedeniyle oyuna devam edememesi \u00fczerine tatil edilen kar\u015f\u0131la\u015fmadan T\u00fcrkiye Futbol Federasyonu karar\u0131yla 3-0 h\u00fckmen galip ayr\u0131larak 2. Tura y\u00fckseldi.<br \/>\n<br \/>A.S. \u00c7ankaya SK ise 1. Tur\u2019da 1926 Polatl\u0131 Belediyespor ile kar\u015f\u0131 kar\u015f\u0131ya geldi. Normal s\u00fcresi 1-1 biten ma\u00e7\u0131n uzatma dakikalar\u0131nda buldu\u011fu golle rakibini 2-1 ma\u011flup eden \u00c7ankaya ekibi, ad\u0131n\u0131 2. Tur\u2019a yazd\u0131rd\u0131.<br \/>\n<br \/>Soma Atat\u00fcrk Stadyumu\u2019nda oynanacak kar\u015f\u0131la\u015fma 17 Eyl\u00fcl \u00c7ar\u015famba g\u00fcn\u00fc saat 15.00\u2019te ba\u015flayacak. M\u00fcsabakay\u0131 hakem \u015eahin Berker y\u00f6netecek. Kar\u015f\u0131la\u015fmada Onur Han ve \u00d6mer Faruk Top\u00e7u ise yard\u0131mc\u0131 hakem olarak g\u00f6rev alacak.<br \/><\/p>\n","protected":false},"excerpt":{"rendered":"<p>Somaspor, Ziraat T\u00fcrkiye Kupas\u0131 2. Tur ma\u00e7\u0131nda kendi sahas\u0131nda 3. Lig temsilcisi Aston Enerji \u00c7ankaya Spor Kul\u00fcb\u00fc\u2019n\u00fc a\u011f\u0131rlayacak. Siyah-beyazl\u0131 ekip, taraftar\u0131 \u00f6n\u00fcnde galip gelerek 3. tura y\u00fckselmeyi hedefliyor. Ziraat T\u00fcrkiye Kupas\u0131 2. Tur eleme ma\u00e7\u0131nda Manisa\u2019n\u0131n 2. Lig temsilcisi Somaspor, 3. Lig ekibi A.S. \u00c7ankaya SK\u2019y\u0131 konuk edecek. Siyah-beyazl\u0131 ekip, taraftar\u0131 \u00f6n\u00fcnde oynayaca\u011f\u0131 kar\u015f\u0131la\u015fmay\u0131 kazanarak&#8230;<\/p>\n","protected":false},"author":1,"featured_media":55246,"comment_status":"open","ping_status":"open","sticky":false,"template":"","format":"standard","meta":{"_crdt_document":"","footnotes":""},"categories":[4],"tags":[],"class_list":["post-55245","post","type-post","status-publish","format-standard","has-post-thumbnail","hentry","category-spor"],"_links":{"self":[{"href":"https:\/\/www.egemtv.com\/index.php?rest_route=\/wp\/v2\/posts\/55245","targetHints":{"allow":["GET"]}}],"collection":[{"href":"https:\/\/www.egemtv.com\/index.php?rest_route=\/wp\/v2\/posts"}],"about":[{"href":"https:\/\/www.egemtv.com\/index.php?rest_route=\/wp\/v2\/types\/post"}],"author":[{"embeddable":true,"href":"https:\/\/www.egemtv.com\/index.php?rest_route=\/wp\/v2\/users\/1"}],"replies":[{"embeddable":true,"href":"https:\/\/www.egemtv.com\/index.php?rest_route=%2Fwp%2Fv2%2Fcomments&post=55245"}],"version-history":[{"count":1,"href":"https:\/\/www.egemtv.com\/index.php?rest_route=\/wp\/v2\/posts\/55245\/revisions"}],"predecessor-version":[{"id":55247,"href":"https:\/\/www.egemtv.com\/index.php?rest_route=\/wp\/v2\/posts\/55245\/revisions\/55247"}],"wp:featuredmedia":[{"embeddable":true,"href":"https:\/\/www.egemtv.com\/index.php?rest_route=\/wp\/v2\/media\/55246"}],"wp:attachment":[{"href":"https:\/\/www.egemtv.com\/index.php?rest_route=%2Fwp%2Fv2%2Fmedia&parent=55245"}],"wp:term":[{"taxonomy":"category","embeddable":true,"href":"https:\/\/www.egemtv.com\/index.php?rest_route=%2Fwp%2Fv2%2Fcategories&post=55245"},{"taxonomy":"post_tag","embeddable":true,"href":"https:\/\/www.egemtv.com\/index.php?rest_route=%2Fwp%2Fv2%2Ftags&post=55245"}],"curies":[{"name":"wp","href":"https:\/\/api.w.org\/{rel}","templated":true}]}}