{"id":55242,"date":"2025-09-16T14:55:39","date_gmt":"2025-09-16T11:55:39","guid":{"rendered":"https:\/\/www.egemtv.com\/?p=55242"},"modified":"2025-09-16T14:55:40","modified_gmt":"2025-09-16T11:55:40","slug":"aydinda-konut-satislari-dustu","status":"publish","type":"post","link":"https:\/\/www.egemtv.com\/?p=55242","title":{"rendered":"Ayd\u0131n\u2019da konut sat\u0131\u015flar\u0131 d\u00fc\u015ft\u00fc"},"content":{"rendered":"<p>Konut sat\u0131\u015f rakamlar\u0131 belli olan Ayd\u0131n\u2019da 2025 A\u011fustos ay\u0131nda toplam 2 bin 724 ev sat\u0131l\u0131rken, bir \u00f6nceki y\u0131l\u0131n ayn\u0131 ay\u0131na g\u00f6re sat\u0131\u015flar y\u00fczde 8 azald\u0131.<\/p>\n<p>T\u00fcrkiye \u0130statistik Kurumu (T\u00dc\u0130K) 2025 y\u0131l\u0131 A\u011fustos ay\u0131 konut sat\u0131\u015f\u0131 rakamlar\u0131n\u0131 a\u00e7\u0131klad\u0131. Bu kapsamda Ayd\u0131n\u2019da 2025 A\u011fustos ay\u0131nda konut sat\u0131\u015f say\u0131s\u0131 bir \u00f6nceki y\u0131l\u0131n ayn\u0131 ay\u0131na g\u00f6re y\u00fczde 8 azalarak 2 bin 724 oldu. 2025 Temmuz ay\u0131nda da 2 bin 637 olan konut sat\u0131\u015f\u0131na bak\u0131ld\u0131\u011f\u0131nda ise aradan ge\u00e7en bir ayda konut sat\u0131\u015flar\u0131 y\u00fczde 3 oran\u0131nda artt\u0131. Ayr\u0131ca 2025 y\u0131l\u0131 Ocak-A\u011fustos aylar\u0131 aras\u0131nda il genelinde toplam 18 bin 782 konut sat\u0131\u015f\u0131 yap\u0131ld\u0131.<br \/>\n<br \/>2024 y\u0131l\u0131nda ise Ayd\u0131n\u2019da toplam 28 bin 743 konut sat\u0131\u015f\u0131 yap\u0131l\u0131rken, en \u00e7ok sat\u0131\u015f yap\u0131lan il\u00e7e 8 bin 888 konut ile Ku\u015fadas\u0131 olurken, en az sat\u0131\u015f yap\u0131lan il\u00e7e ise 93 konut ile Bozdo\u011fan oldu. Ku\u015fadas\u0131\u2019nda ger\u00e7ekle\u015ftirilen sat\u0131\u015flar\u0131n 485\u2019i ipotekli sat\u0131\u015f olurken, sat\u0131\u015f durumuna bak\u0131ld\u0131\u011f\u0131nda ise 6 bin 411\u2019i ikinci el, 2 bin 477\u2019si ilk elden sat\u0131\u015f olarak ger\u00e7ekle\u015fti. Merkez il\u00e7e Efeler\u2019de ise 2024 y\u0131l\u0131nda 4 bin 607\u2019si ikinci el, bin 493\u2019\u00fc ilk elden olmak \u00fczere toplam 6 bin 100 konut sat\u0131\u015f\u0131 ger\u00e7ekle\u015fti.<br \/><\/p>\n","protected":false},"excerpt":{"rendered":"<p>Konut sat\u0131\u015f rakamlar\u0131 belli olan Ayd\u0131n\u2019da 2025 A\u011fustos ay\u0131nda toplam 2 bin 724 ev sat\u0131l\u0131rken, bir \u00f6nceki y\u0131l\u0131n ayn\u0131 ay\u0131na g\u00f6re sat\u0131\u015flar y\u00fczde 8 azald\u0131. T\u00fcrkiye \u0130statistik Kurumu (T\u00dc\u0130K) 2025 y\u0131l\u0131 A\u011fustos ay\u0131 konut sat\u0131\u015f\u0131 rakamlar\u0131n\u0131 a\u00e7\u0131klad\u0131. Bu kapsamda Ayd\u0131n\u2019da 2025 A\u011fustos ay\u0131nda konut sat\u0131\u015f say\u0131s\u0131 bir \u00f6nceki y\u0131l\u0131n ayn\u0131 ay\u0131na g\u00f6re y\u00fczde 8 azalarak&#8230;<\/p>\n","protected":false},"author":1,"featured_media":55243,"comment_status":"open","ping_status":"open","sticky":false,"template":"","format":"standard","meta":{"_crdt_document":"","footnotes":""},"categories":[125],"tags":[],"class_list":["post-55242","post","type-post","status-publish","format-standard","has-post-thumbnail","hentry","category-ekonomi"],"_links":{"self":[{"href":"https:\/\/www.egemtv.com\/index.php?rest_route=\/wp\/v2\/posts\/55242","targetHints":{"allow":["GET"]}}],"collection":[{"href":"https:\/\/www.egemtv.com\/index.php?rest_route=\/wp\/v2\/posts"}],"about":[{"href":"https:\/\/www.egemtv.com\/index.php?rest_route=\/wp\/v2\/types\/post"}],"author":[{"embeddable":true,"href":"https:\/\/www.egemtv.com\/index.php?rest_route=\/wp\/v2\/users\/1"}],"replies":[{"embeddable":true,"href":"https:\/\/www.egemtv.com\/index.php?rest_route=%2Fwp%2Fv2%2Fcomments&post=55242"}],"version-history":[{"count":1,"href":"https:\/\/www.egemtv.com\/index.php?rest_route=\/wp\/v2\/posts\/55242\/revisions"}],"predecessor-version":[{"id":55244,"href":"https:\/\/www.egemtv.com\/index.php?rest_route=\/wp\/v2\/posts\/55242\/revisions\/55244"}],"wp:featuredmedia":[{"embeddable":true,"href":"https:\/\/www.egemtv.com\/index.php?rest_route=\/wp\/v2\/media\/55243"}],"wp:attachment":[{"href":"https:\/\/www.egemtv.com\/index.php?rest_route=%2Fwp%2Fv2%2Fmedia&parent=55242"}],"wp:term":[{"taxonomy":"category","embeddable":true,"href":"https:\/\/www.egemtv.com\/index.php?rest_route=%2Fwp%2Fv2%2Fcategories&post=55242"},{"taxonomy":"post_tag","embeddable":true,"href":"https:\/\/www.egemtv.com\/index.php?rest_route=%2Fwp%2Fv2%2Ftags&post=55242"}],"curies":[{"name":"wp","href":"https:\/\/api.w.org\/{rel}","templated":true}]}}