{"id":55236,"date":"2025-09-16T14:55:37","date_gmt":"2025-09-16T11:55:37","guid":{"rendered":"https:\/\/www.egemtv.com\/?p=55236"},"modified":"2025-09-16T14:55:38","modified_gmt":"2025-09-16T11:55:38","slug":"alasehirde-evinin-bahcesinde-agac-kesmeye-calisan-adam-feci-sekilde-can-verdi","status":"publish","type":"post","link":"https:\/\/www.egemtv.com\/?p=55236","title":{"rendered":"Ala\u015fehir\u2019de evinin bah\u00e7esinde a\u011fa\u00e7 kesmeye \u00e7al\u0131\u015fan adam feci \u015fekilde can verdi"},"content":{"rendered":"<p>Manisa\u2019n\u0131n Ala\u015fehir il\u00e7esinde evinin bah\u00e7esinde a\u011fa\u00e7 kesmeye \u00e7al\u0131\u015fan 5 \u00e7ocuk babas\u0131 \u015fah\u0131s, spiral makinesinin kaymas\u0131 sonucu boynundan a\u011f\u0131r \u015fekilde yaraland\u0131. Hastaneye kald\u0131r\u0131lan talihsiz adam t\u00fcm m\u00fcdahalelere ra\u011fmen hayat\u0131n\u0131 kaybetti.<br \/>\n<br \/>Ala\u015fehir il\u00e7esine ba\u011fl\u0131 Tepek\u00f6y Mahallesi\u2019nde ya\u015fayan 5 \u00e7ocuk babas\u0131 G\u00fcnay Eraslan (54), evinin bah\u00e7esinde bulunan kuru kay\u0131s\u0131 a\u011fac\u0131n\u0131 spiral ile kesmeye \u00e7al\u0131\u015ft\u0131\u011f\u0131 s\u0131rada feci \u015fekilde yaraland\u0131. Spiral aletinin elinden kaymas\u0131 sonucu boynundan yaralanan Eraslan, kanlar i\u00e7inde yere y\u0131\u011f\u0131ld\u0131.<br \/>\n<br \/>Ailesinin ihbar\u0131 \u00fczerine olay yerine sa\u011fl\u0131k ve jandarma ekipleri sevk edildi. \u0130lk m\u00fcdahalesi 112 ekiplerince yap\u0131lan Eraslan, Ala\u015fehir Devlet Hastanesi\u2019ne kald\u0131r\u0131ld\u0131. Ancak doktorlar\u0131n t\u00fcm \u00e7abalar\u0131na ra\u011fmen kurtar\u0131lamad\u0131.<br \/>\n<br \/>Jandarma, meydana gelen olayla ilgili soru\u015fturma ba\u015flatt\u0131.<br \/><\/p>\n","protected":false},"excerpt":{"rendered":"<p>Manisa\u2019n\u0131n Ala\u015fehir il\u00e7esinde evinin bah\u00e7esinde a\u011fa\u00e7 kesmeye \u00e7al\u0131\u015fan 5 \u00e7ocuk babas\u0131 \u015fah\u0131s, spiral makinesinin kaymas\u0131 sonucu boynundan a\u011f\u0131r \u015fekilde yaraland\u0131. Hastaneye kald\u0131r\u0131lan talihsiz adam t\u00fcm m\u00fcdahalelere ra\u011fmen hayat\u0131n\u0131 kaybetti. Ala\u015fehir il\u00e7esine ba\u011fl\u0131 Tepek\u00f6y Mahallesi\u2019nde ya\u015fayan 5 \u00e7ocuk babas\u0131 G\u00fcnay Eraslan (54), evinin bah\u00e7esinde bulunan kuru kay\u0131s\u0131 a\u011fac\u0131n\u0131 spiral ile kesmeye \u00e7al\u0131\u015ft\u0131\u011f\u0131 s\u0131rada feci \u015fekilde yaraland\u0131&#8230;.<\/p>\n","protected":false},"author":1,"featured_media":55237,"comment_status":"open","ping_status":"open","sticky":false,"template":"","format":"standard","meta":{"_crdt_document":"","footnotes":""},"categories":[5],"tags":[],"class_list":["post-55236","post","type-post","status-publish","format-standard","has-post-thumbnail","hentry","category-asayis"],"_links":{"self":[{"href":"https:\/\/www.egemtv.com\/index.php?rest_route=\/wp\/v2\/posts\/55236","targetHints":{"allow":["GET"]}}],"collection":[{"href":"https:\/\/www.egemtv.com\/index.php?rest_route=\/wp\/v2\/posts"}],"about":[{"href":"https:\/\/www.egemtv.com\/index.php?rest_route=\/wp\/v2\/types\/post"}],"author":[{"embeddable":true,"href":"https:\/\/www.egemtv.com\/index.php?rest_route=\/wp\/v2\/users\/1"}],"replies":[{"embeddable":true,"href":"https:\/\/www.egemtv.com\/index.php?rest_route=%2Fwp%2Fv2%2Fcomments&post=55236"}],"version-history":[{"count":1,"href":"https:\/\/www.egemtv.com\/index.php?rest_route=\/wp\/v2\/posts\/55236\/revisions"}],"predecessor-version":[{"id":55238,"href":"https:\/\/www.egemtv.com\/index.php?rest_route=\/wp\/v2\/posts\/55236\/revisions\/55238"}],"wp:featuredmedia":[{"embeddable":true,"href":"https:\/\/www.egemtv.com\/index.php?rest_route=\/wp\/v2\/media\/55237"}],"wp:attachment":[{"href":"https:\/\/www.egemtv.com\/index.php?rest_route=%2Fwp%2Fv2%2Fmedia&parent=55236"}],"wp:term":[{"taxonomy":"category","embeddable":true,"href":"https:\/\/www.egemtv.com\/index.php?rest_route=%2Fwp%2Fv2%2Fcategories&post=55236"},{"taxonomy":"post_tag","embeddable":true,"href":"https:\/\/www.egemtv.com\/index.php?rest_route=%2Fwp%2Fv2%2Ftags&post=55236"}],"curies":[{"name":"wp","href":"https:\/\/api.w.org\/{rel}","templated":true}]}}