{"id":55233,"date":"2025-09-16T14:34:47","date_gmt":"2025-09-16T11:34:47","guid":{"rendered":"https:\/\/www.egemtv.com\/?p=55233"},"modified":"2025-09-16T14:34:48","modified_gmt":"2025-09-16T11:34:48","slug":"yunusemreli-judocular-her-yas-kategorisinde-kursuye-cikti","status":"publish","type":"post","link":"https:\/\/www.egemtv.com\/?p=55233","title":{"rendered":"Yunusemreli judocular her ya\u015f kategorisinde k\u00fcrs\u00fcye \u00e7\u0131kt\u0131"},"content":{"rendered":"<p>Yunusemre Belediyespor\u2019un judocular\u0131, 2025 y\u0131l\u0131nda t\u00fcm ya\u015f gruplar\u0131nda yap\u0131lan T\u00fcrkiye \u015fampiyonalar\u0131nda madalya kazanarak k\u00fcrs\u00fclere ambargo koydu.<br \/>\n<br \/>Yunusemre Belediyespor\u2019un judocular\u0131, 2025 y\u0131l\u0131 boyunca t\u00fcm ya\u015f kategorilerinde d\u00fczenlenen T\u00fcrkiye \u015eampiyonalar\u0131\u2019nda madalya kazanarak T\u00fcrk judo camias\u0131nda ad\u0131ndan yine s\u00f6z ettirdi. Minikler, y\u0131ld\u0131zlar, \u00fcmitler, gen\u00e7ler ve b\u00fcy\u00fcklerde k\u00fcrs\u00fcye \u00e7\u0131kan Yunusemre\u2019nin judocular\u0131, elde edilen ba\u015far\u0131larla ula\u015f\u0131lmas\u0131 g\u00fc\u00e7 bir tabloya imza atarak Manisa\u2019n\u0131n gururu oldu. Ba\u015far\u0131dan dolay\u0131 sporcular\u0131 ve antren\u00f6rleri ziyaret eden Kul\u00fcp Ba\u015fkan\u0131 B\u00fclent Kanik ile Judodan Sorumlu Y\u00f6netici Y\u00fccel Ta\u015f\u00e7\u0131, sezonun \u015fampiyonlar\u0131n\u0131 tebrik etti.<br \/>\n<br \/>Ba\u015fkan Kanik yapt\u0131\u011f\u0131 a\u00e7\u0131klamada, &#8220;Judoda tarih yazd\u0131k. Bu ba\u015far\u0131 aile b\u00fct\u00fcnl\u00fc\u011f\u00fc, disiplin ve \u00e7ok \u00e7al\u0131\u015fman\u0131n eseridir. Ayn\u0131 zamanda bu ba\u015far\u0131lar asla tesad\u00fcf de\u011fil. Yunusemre Belediye Ba\u015fkan\u0131m\u0131z Semih Balaban\u2019\u0131n spora, altyap\u0131ya, amat\u00f6r bran\u015flara ve gen\u00e7lere verdi\u011fi \u00f6nem olmasa bu tablo ortaya \u00e7\u0131kmazd\u0131. Say\u0131n Ba\u015fkan\u0131m\u0131za verdi\u011fi desteklerden dolay\u0131 te\u015fekk\u00fcr ediyoruz. Onun liderli\u011finde sadece bu y\u0131l de\u011fil, \u00f6n\u00fcm\u00fczdeki y\u0131llarda da ba\u015far\u0131lar\u0131m\u0131z\u0131n artarak s\u00fcrece\u011fine inan\u0131yoruz. Biz b\u00fcy\u00fck bir aileyiz. Hedefimiz sadece T\u00fcrkiye de\u011fil; Avrupa ve d\u00fcnya \u015fampiyonalar\u0131nda da Manisa\u2019m\u0131z\u0131 ve \u00fclkemizi en iyi \u015fekilde temsil etmek. Bu vizyonla \u00e7al\u0131\u015fmaya devam edece\u011fiz.&#8221; dedi. Ba\u015fkan Kanik ayr\u0131ca uluslararas\u0131 arenada da \u00f6nemli ba\u015far\u0131lara imza atan sporculara de\u011finerek gen\u00e7 tak\u0131mlarda Avrupa ikincisi olan milli sporcu Sura Nil Karasu\u2019yu, b\u00fcy\u00fcklerde milli tak\u0131ma y\u00fckselen Enes P\u0131nar\u2019\u0131, 11-12 Ekim tarihlerinde Karada\u011f\u2019da d\u00fczenlenecek Y\u0131ld\u0131zlar Balkan Judo \u015eampiyonas\u0131\u2019nda m\u00fccadele edecek Elif \u015ean\u0131er, Rabia Tekin ve Poyraz \u00c7akal\u2019\u0131 kutlad\u0131 ve kendilerine ba\u015far\u0131lar diledi.<br \/>\n<br \/>2025 y\u0131l\u0131nda T\u00fcrkiye \u015fampiyonalar\u0131nda madalya kazanan sporcular \u015f\u00f6yle: &#8220;Enes P\u0131nar 90 kg B\u00fcy\u00fckler T\u00fcrkiye 3\u2019\u00fcnc\u00fcs\u00fc, Sura Nil Karasu 52 kg Gen\u00e7ler T\u00fcrkiye \u015fampiyonu, Fulya Ergen 70 kg Gen\u00e7ler T\u00fcrkiye 3\u2019\u00fcnc\u00fcs\u00fc, Irmak Ceylin G\u00fc\u00e7tekin +78 Gen\u00e7ler T\u00fcrkiye 3\u2019\u00fcnc\u00fcs\u00fc, Emin Levent Yelkenci 73 kg \u00dcmitler T\u00fcrkiye \u015fampiyonu, Rabia Tekin 36 kg Y\u0131ld\u0131zlar T\u00fcrkiye 3\u2019\u00fcnc\u00fcs\u00fc, Elif \u015ean\u0131er 40 kg Y\u0131ld\u0131zlar T\u00fcrkiye 3\u2019\u00fcnc\u00fcs\u00fc, Poyraz \u00c7akal 60 kg Y\u0131ld\u0131zlar T\u00fcrkiye 3\u2019\u00fcnc\u00fcs\u00fc, Derin Avc\u0131 36 kg Minikler T\u00fcrkiye 3\u2019\u00fcnc\u00fcs\u00fc, \u015eakir Tuna Ko\u00e7t\u00fcrk 38 kg Minikler T\u00fcrkiye 3\u2019\u00fcnc\u00fcs\u00fc.&#8221;<br \/><\/p>\n","protected":false},"excerpt":{"rendered":"<p>Yunusemre Belediyespor\u2019un judocular\u0131, 2025 y\u0131l\u0131nda t\u00fcm ya\u015f gruplar\u0131nda yap\u0131lan T\u00fcrkiye \u015fampiyonalar\u0131nda madalya kazanarak k\u00fcrs\u00fclere ambargo koydu. Yunusemre Belediyespor\u2019un judocular\u0131, 2025 y\u0131l\u0131 boyunca t\u00fcm ya\u015f kategorilerinde d\u00fczenlenen T\u00fcrkiye \u015eampiyonalar\u0131\u2019nda madalya kazanarak T\u00fcrk judo camias\u0131nda ad\u0131ndan yine s\u00f6z ettirdi. Minikler, y\u0131ld\u0131zlar, \u00fcmitler, gen\u00e7ler ve b\u00fcy\u00fcklerde k\u00fcrs\u00fcye \u00e7\u0131kan Yunusemre\u2019nin judocular\u0131, elde edilen ba\u015far\u0131larla ula\u015f\u0131lmas\u0131 g\u00fc\u00e7 bir tabloya imza&#8230;<\/p>\n","protected":false},"author":1,"featured_media":55234,"comment_status":"open","ping_status":"open","sticky":false,"template":"","format":"standard","meta":{"_crdt_document":"","footnotes":""},"categories":[4],"tags":[],"class_list":["post-55233","post","type-post","status-publish","format-standard","has-post-thumbnail","hentry","category-spor"],"_links":{"self":[{"href":"https:\/\/www.egemtv.com\/index.php?rest_route=\/wp\/v2\/posts\/55233","targetHints":{"allow":["GET"]}}],"collection":[{"href":"https:\/\/www.egemtv.com\/index.php?rest_route=\/wp\/v2\/posts"}],"about":[{"href":"https:\/\/www.egemtv.com\/index.php?rest_route=\/wp\/v2\/types\/post"}],"author":[{"embeddable":true,"href":"https:\/\/www.egemtv.com\/index.php?rest_route=\/wp\/v2\/users\/1"}],"replies":[{"embeddable":true,"href":"https:\/\/www.egemtv.com\/index.php?rest_route=%2Fwp%2Fv2%2Fcomments&post=55233"}],"version-history":[{"count":1,"href":"https:\/\/www.egemtv.com\/index.php?rest_route=\/wp\/v2\/posts\/55233\/revisions"}],"predecessor-version":[{"id":55235,"href":"https:\/\/www.egemtv.com\/index.php?rest_route=\/wp\/v2\/posts\/55233\/revisions\/55235"}],"wp:featuredmedia":[{"embeddable":true,"href":"https:\/\/www.egemtv.com\/index.php?rest_route=\/wp\/v2\/media\/55234"}],"wp:attachment":[{"href":"https:\/\/www.egemtv.com\/index.php?rest_route=%2Fwp%2Fv2%2Fmedia&parent=55233"}],"wp:term":[{"taxonomy":"category","embeddable":true,"href":"https:\/\/www.egemtv.com\/index.php?rest_route=%2Fwp%2Fv2%2Fcategories&post=55233"},{"taxonomy":"post_tag","embeddable":true,"href":"https:\/\/www.egemtv.com\/index.php?rest_route=%2Fwp%2Fv2%2Ftags&post=55233"}],"curies":[{"name":"wp","href":"https:\/\/api.w.org\/{rel}","templated":true}]}}