{"id":55230,"date":"2025-09-16T14:14:52","date_gmt":"2025-09-16T11:14:52","guid":{"rendered":"https:\/\/www.egemtv.com\/?p=55230"},"modified":"2025-09-16T14:14:53","modified_gmt":"2025-09-16T11:14:53","slug":"emette-kucukbas-hayvan-sagligi-calismalari","status":"publish","type":"post","link":"https:\/\/www.egemtv.com\/?p=55230","title":{"rendered":"Emet\u2019te k\u00fc\u00e7\u00fckba\u015f hayvan sa\u011fl\u0131\u011f\u0131 \u00e7al\u0131\u015fmalar\u0131"},"content":{"rendered":"<p>Emet \u0130l\u00e7e Tar\u0131m ve Orman M\u00fcd\u00fcrl\u00fc\u011f\u00fcnce Umutlu k\u00f6y\u00fcnde k\u00fc\u00e7\u00fckba\u015f hayvanlara \u00c7i\u00e7ek, PPR ve Brusella a\u015f\u0131lamalar\u0131 yap\u0131ld\u0131.<br \/>\n<br \/>\u0130l\u00e7eye ba\u011fl\u0131 Umutlu k\u00f6y\u00fcnde \u0130l\u00e7e Tar\u0131m ve Orman M\u00fcd\u00fcrl\u00fc\u011f\u00fc Veteriner Hekimleri taraf\u0131ndan k\u00fc\u00e7\u00fckba\u015f hayvanlara \u00c7i\u00e7ek, PPR ve Brusella a\u015f\u0131lamalar\u0131 yap\u0131ld\u0131. Kuzu ve o\u011flaklar\u0131n kimliklendirme \u00e7al\u0131\u015fmalar\u0131 tamamland\u0131. Ayr\u0131ca \u00e7oban k\u00f6peklerine kuduz a\u015f\u0131s\u0131 uyguland\u0131.<br \/><\/p>\n","protected":false},"excerpt":{"rendered":"<p>Emet \u0130l\u00e7e Tar\u0131m ve Orman M\u00fcd\u00fcrl\u00fc\u011f\u00fcnce Umutlu k\u00f6y\u00fcnde k\u00fc\u00e7\u00fckba\u015f hayvanlara \u00c7i\u00e7ek, PPR ve Brusella a\u015f\u0131lamalar\u0131 yap\u0131ld\u0131. \u0130l\u00e7eye ba\u011fl\u0131 Umutlu k\u00f6y\u00fcnde \u0130l\u00e7e Tar\u0131m ve Orman M\u00fcd\u00fcrl\u00fc\u011f\u00fc Veteriner Hekimleri taraf\u0131ndan k\u00fc\u00e7\u00fckba\u015f hayvanlara \u00c7i\u00e7ek, PPR ve Brusella a\u015f\u0131lamalar\u0131 yap\u0131ld\u0131. Kuzu ve o\u011flaklar\u0131n kimliklendirme \u00e7al\u0131\u015fmalar\u0131 tamamland\u0131. Ayr\u0131ca \u00e7oban k\u00f6peklerine kuduz a\u015f\u0131s\u0131 uyguland\u0131.<\/p>\n","protected":false},"author":1,"featured_media":55231,"comment_status":"open","ping_status":"open","sticky":false,"template":"","format":"standard","meta":{"_crdt_document":"","footnotes":""},"categories":[2],"tags":[],"class_list":["post-55230","post","type-post","status-publish","format-standard","has-post-thumbnail","hentry","category-saglik"],"_links":{"self":[{"href":"https:\/\/www.egemtv.com\/index.php?rest_route=\/wp\/v2\/posts\/55230","targetHints":{"allow":["GET"]}}],"collection":[{"href":"https:\/\/www.egemtv.com\/index.php?rest_route=\/wp\/v2\/posts"}],"about":[{"href":"https:\/\/www.egemtv.com\/index.php?rest_route=\/wp\/v2\/types\/post"}],"author":[{"embeddable":true,"href":"https:\/\/www.egemtv.com\/index.php?rest_route=\/wp\/v2\/users\/1"}],"replies":[{"embeddable":true,"href":"https:\/\/www.egemtv.com\/index.php?rest_route=%2Fwp%2Fv2%2Fcomments&post=55230"}],"version-history":[{"count":1,"href":"https:\/\/www.egemtv.com\/index.php?rest_route=\/wp\/v2\/posts\/55230\/revisions"}],"predecessor-version":[{"id":55232,"href":"https:\/\/www.egemtv.com\/index.php?rest_route=\/wp\/v2\/posts\/55230\/revisions\/55232"}],"wp:featuredmedia":[{"embeddable":true,"href":"https:\/\/www.egemtv.com\/index.php?rest_route=\/wp\/v2\/media\/55231"}],"wp:attachment":[{"href":"https:\/\/www.egemtv.com\/index.php?rest_route=%2Fwp%2Fv2%2Fmedia&parent=55230"}],"wp:term":[{"taxonomy":"category","embeddable":true,"href":"https:\/\/www.egemtv.com\/index.php?rest_route=%2Fwp%2Fv2%2Fcategories&post=55230"},{"taxonomy":"post_tag","embeddable":true,"href":"https:\/\/www.egemtv.com\/index.php?rest_route=%2Fwp%2Fv2%2Ftags&post=55230"}],"curies":[{"name":"wp","href":"https:\/\/api.w.org\/{rel}","templated":true}]}}