{"id":55227,"date":"2025-09-16T13:54:57","date_gmt":"2025-09-16T10:54:57","guid":{"rendered":"https:\/\/www.egemtv.com\/?p=55227"},"modified":"2025-09-16T13:54:58","modified_gmt":"2025-09-16T10:54:58","slug":"izmirde-afetlere-karsi-telsiz-sistemi-guclendirildi","status":"publish","type":"post","link":"https:\/\/www.egemtv.com\/?p=55227","title":{"rendered":"\u0130zmir\u2019de afetlere kar\u015f\u0131 telsiz sistemi g\u00fc\u00e7lendirildi"},"content":{"rendered":"<p>\u0130zmir B\u00fcy\u00fck\u015fehir Belediyesi, do\u011fal afet ve kriz anlar\u0131nda kesintisiz ileti\u015fimin sa\u011flanmas\u0131 amac\u0131yla kullan\u0131lan &#8220;Say\u0131sal Trunk Telsiz Sistemi&#8221;ni g\u00fc\u00e7lendirdi.<br \/>\n<br \/>T\u00fcrkiye\u2019de ilk kez bir belediye taraf\u0131ndan 2011 y\u0131l\u0131nda kurulan sistem, yenilenerek kent genelinde 30 il\u00e7ede 28 noktada hizmet verir hale getirildi. Yang\u0131n, deprem ve sel gibi afetlerde t\u00fcm haberle\u015fme hatlar\u0131n\u0131n devre d\u0131\u015f\u0131 kalmas\u0131 durumunda dahi ileti\u015fim imk\u00e2n\u0131 sunan sistem, yaz aylar\u0131nda ya\u015fanan yang\u0131nlarda etkin olarak kullan\u0131ld\u0131.<br \/>\n<br \/>\u0130zmir B\u00fcy\u00fck\u015fehir Belediyesi Bilgi \u0130\u015flem Dairesi Ba\u015fkanl\u0131\u011f\u0131 Bilgi A\u011flar\u0131 \u015eube M\u00fcd\u00fcr\u00fc \u0130brahim Karahan, telsiz sisteminin afet ve kriz anlar\u0131nda kamu kurumlar\u0131 ile il\u00e7e belediyeleri aras\u0131nda koordinasyonu sa\u011flad\u0131\u011f\u0131n\u0131 belirtti. Karahan, &#8220;T\u00fcm operat\u00f6rlerin sustu\u011fu durumlarda bile telsiz sistemimiz \u00e7al\u0131\u015fmaya devam ediyor. Kentin y\u00fczde 90\u2019l\u0131k alan\u0131nda hizmet veriyoruz. \u00d6n\u00fcm\u00fczdeki y\u0131l hedefimiz y\u00fczde 100\u2019e ula\u015fmak&#8221; dedi.<br \/>\n<br \/>B\u00fcy\u00fck\u015fehir b\u00fcnyesinde 5 bin 100 el ve ara\u00e7 telsizinin aktif olarak kullan\u0131ld\u0131\u011f\u0131 sistem, ESHOT, \u0130ZSU ve il\u00e7e belediyeleriyle koordinasyonu sa\u011fl\u0131yor. \u0130zmir Emniyet M\u00fcd\u00fcrl\u00fc\u011f\u00fc ile yap\u0131lan protokol kapsam\u0131nda 11 telsiz kulesi ortak kullan\u0131l\u0131yor. Banliy\u00f6 ve metro hatlar\u0131nda da 4 telsiz r\u00f6le istasyonu ile haberle\u015fme kesintisiz s\u00fcrd\u00fcr\u00fcl\u00fcyor.<br \/>\n<br \/>Enerji altyap\u0131s\u0131 yedekli olan telsiz r\u00f6le istasyonlar\u0131, olas\u0131 elektrik kesintilerinde jenerat\u00f6r ve yak\u0131t tanklar\u0131 sayesinde 15 g\u00fcn boyunca hizmet vermeye devam ediyor.<br \/>\n<br \/>\u00d6te yandan \u0130zmir B\u00fcy\u00fck\u015fehir Belediyesi, afetlerde ileti\u015fimin s\u00fcrd\u00fcr\u00fclebilmesi i\u00e7in \u00fc\u00e7 Acil Durum Haberle\u015fme R\u00f6morku\u2019nu da devreye ald\u0131. R\u00f6morklarda internet, mobil \u015farj, anons, ayd\u0131nlatma, kamera ve jenerat\u00f6r gibi bile\u015fenler bulunuyor. Uzaktan kontrol edilebilen sistem 24 saat kesintisiz hizmet veriyor.<br \/>\n<br \/>\u0130zmir B\u00fcy\u00fck\u015fehir Belediyesi, afetlere kar\u015f\u0131 dayan\u0131kl\u0131 bir kent hedefi do\u011frultusunda hayata ge\u00e7irdi\u011fi bu projelerle afet y\u00f6netimi konusunda yerel y\u00f6netimler aras\u0131nda \u00f6rnek g\u00f6steriliyor.<br \/><\/p>\n","protected":false},"excerpt":{"rendered":"<p>\u0130zmir B\u00fcy\u00fck\u015fehir Belediyesi, do\u011fal afet ve kriz anlar\u0131nda kesintisiz ileti\u015fimin sa\u011flanmas\u0131 amac\u0131yla kullan\u0131lan &#8220;Say\u0131sal Trunk Telsiz Sistemi&#8221;ni g\u00fc\u00e7lendirdi. T\u00fcrkiye\u2019de ilk kez bir belediye taraf\u0131ndan 2011 y\u0131l\u0131nda kurulan sistem, yenilenerek kent genelinde 30 il\u00e7ede 28 noktada hizmet verir hale getirildi. Yang\u0131n, deprem ve sel gibi afetlerde t\u00fcm haberle\u015fme hatlar\u0131n\u0131n devre d\u0131\u015f\u0131 kalmas\u0131 durumunda dahi ileti\u015fim imk\u00e2n\u0131&#8230;<\/p>\n","protected":false},"author":1,"featured_media":55228,"comment_status":"open","ping_status":"open","sticky":false,"template":"","format":"standard","meta":{"_crdt_document":"","footnotes":""},"categories":[1],"tags":[],"class_list":["post-55227","post","type-post","status-publish","format-standard","has-post-thumbnail","hentry","category-guncel"],"_links":{"self":[{"href":"https:\/\/www.egemtv.com\/index.php?rest_route=\/wp\/v2\/posts\/55227","targetHints":{"allow":["GET"]}}],"collection":[{"href":"https:\/\/www.egemtv.com\/index.php?rest_route=\/wp\/v2\/posts"}],"about":[{"href":"https:\/\/www.egemtv.com\/index.php?rest_route=\/wp\/v2\/types\/post"}],"author":[{"embeddable":true,"href":"https:\/\/www.egemtv.com\/index.php?rest_route=\/wp\/v2\/users\/1"}],"replies":[{"embeddable":true,"href":"https:\/\/www.egemtv.com\/index.php?rest_route=%2Fwp%2Fv2%2Fcomments&post=55227"}],"version-history":[{"count":1,"href":"https:\/\/www.egemtv.com\/index.php?rest_route=\/wp\/v2\/posts\/55227\/revisions"}],"predecessor-version":[{"id":55229,"href":"https:\/\/www.egemtv.com\/index.php?rest_route=\/wp\/v2\/posts\/55227\/revisions\/55229"}],"wp:featuredmedia":[{"embeddable":true,"href":"https:\/\/www.egemtv.com\/index.php?rest_route=\/wp\/v2\/media\/55228"}],"wp:attachment":[{"href":"https:\/\/www.egemtv.com\/index.php?rest_route=%2Fwp%2Fv2%2Fmedia&parent=55227"}],"wp:term":[{"taxonomy":"category","embeddable":true,"href":"https:\/\/www.egemtv.com\/index.php?rest_route=%2Fwp%2Fv2%2Fcategories&post=55227"},{"taxonomy":"post_tag","embeddable":true,"href":"https:\/\/www.egemtv.com\/index.php?rest_route=%2Fwp%2Fv2%2Ftags&post=55227"}],"curies":[{"name":"wp","href":"https:\/\/api.w.org\/{rel}","templated":true}]}}