{"id":55224,"date":"2025-09-16T13:54:56","date_gmt":"2025-09-16T10:54:56","guid":{"rendered":"https:\/\/www.egemtv.com\/?p=55224"},"modified":"2025-09-16T13:54:57","modified_gmt":"2025-09-16T10:54:57","slug":"cesmenin-kurtulusunun-103-yildonumu-kutlandi","status":"publish","type":"post","link":"https:\/\/www.egemtv.com\/?p=55224","title":{"rendered":"\u00c7e\u015fme\u2019nin kurtulu\u015funun 103. y\u0131ld\u00f6n\u00fcm\u00fc kutland\u0131"},"content":{"rendered":"<p>\u00c7e\u015fme\u2019nin d\u00fc\u015fman i\u015fgalinden kurtulu\u015funun 103. y\u0131ld\u00f6n\u00fcm\u00fc, d\u00fczenlenen resmi t\u00f6ren ve \u00e7e\u015fitli etkinliklerle kutland\u0131.<br \/>\n<br \/>Kurtulu\u015f Bayram\u0131 kutlamalar\u0131 \u00c7e\u015fme Belediye Bandosu e\u015fli\u011finde Mehmet\u00e7ik Park\u0131\u2019ndan Cumhuriyet Meydan\u0131\u2019na kadar s\u00fcren kortej y\u00fcr\u00fcy\u00fc\u015f\u00fcyle ba\u015flad\u0131. Korteje, \u00c7e\u015fme Kaymakam\u0131 Mehmet Mara\u015fl\u0131, \u00c7e\u015fme Belediye Ba\u015fkan\u0131 L\u00e2l Denizli, Garnizon Komutan\u0131 \u0130stihk\u00e2m Albay Erol Da\u011fdeviren, \u00c7e\u015fme Cumhuriyet Ba\u015fsavc\u0131 Vekili \u015eahin \u015eevli, resm\u00ee kurum amirleri, siyasi parti temsilcileri, sivil toplum kurulu\u015flar\u0131, mahalle muhtarlar\u0131 ve vatanda\u015flar kat\u0131ld\u0131. Kortejin en \u00f6n\u00fcnde yer alan, bayrak ta\u015f\u0131yan atl\u0131 s\u00fcvari ise b\u00fcy\u00fck ilgi toplad\u0131.<br \/>\n<br \/>Sayg\u0131 duru\u015fu ve \u0130stiklal Mar\u015f\u0131 e\u015fli\u011finde g\u00f6ndere bayrak \u00e7ekilmesinin ard\u0131ndan, \u00c7e\u015fme Belediye Ba\u015fkan\u0131 L\u00e2l Denizli g\u00fcn\u00fcn anlam ve \u00f6nemini belirten bir konu\u015fma yapt\u0131. Ba\u015fkan Denizli konu\u015fmas\u0131nda \u015funlar\u0131 s\u00f6yledi: &#8220;Bug\u00fcn \u00c7e\u015fme\u2019nin d\u00fc\u015fman i\u015fgalinden kurtulu\u015funun 103. y\u0131ld\u00f6n\u00fcm\u00fcn\u00fc kutluyoruz. Bu gururu bizlere ya\u015fatan, ba\u015fta Ulu \u00d6nder Mustafa Kemal Atat\u00fcrk ve aziz \u015fehitlerimizi sayg\u0131 ve minnetle an\u0131yorum. \u00c7e\u015fme\u2019nin kurtulu\u015fu, yokluk i\u00e7inde var olma iradesinin, ba\u011f\u0131ms\u0131zl\u0131\u011fa susam\u0131\u015f y\u00fcre\u011fin zaferiydi. Aradan ge\u00e7en bir asra ra\u011fmen, o g\u00fcnk\u00fc m\u00fccadele ruhu h\u00e2l\u00e2 yolumuzu ayd\u0131nlat\u0131yor. Nesiller sonra h\u00e2l\u00e2 bizi g\u00fc\u00e7lendiren, \u00f6zg\u00fcrle\u015ftiren ve gururland\u0131ran bu b\u00fcy\u00fck miras\u0131 bizlere arma\u011fan eden t\u00fcm \u015fehitlerimizin ruhu \u015fad olsun.&#8221;<br \/>\n<br \/>Resmi t\u00f6ren, bir \u00f6\u011frencinin okudu\u011fu \u015fiir ve \u00c7e\u015fme Belediyesi Halk Oyunlar\u0131 ekibinin sundu\u011fu g\u00f6sterinin ard\u0131ndan sona erdi. T\u00f6renin ard\u0131ndan \u00c7e\u015fme Belediyesi taraf\u0131ndan kat\u0131l\u0131mc\u0131lara ikramda bulunuldu.<br \/>\n<br \/>Kurtulu\u015f Bayram\u0131 kutlamalar\u0131, bu ak\u015fam saat 21.00\u2019de \u00c7e\u015fme Amfi Tiyatro\u2019da ger\u00e7ekle\u015fecek I\u015f\u0131n Karaca konseriyle son bulacak.<br \/><\/p>\n","protected":false},"excerpt":{"rendered":"<p>\u00c7e\u015fme\u2019nin d\u00fc\u015fman i\u015fgalinden kurtulu\u015funun 103. y\u0131ld\u00f6n\u00fcm\u00fc, d\u00fczenlenen resmi t\u00f6ren ve \u00e7e\u015fitli etkinliklerle kutland\u0131. Kurtulu\u015f Bayram\u0131 kutlamalar\u0131 \u00c7e\u015fme Belediye Bandosu e\u015fli\u011finde Mehmet\u00e7ik Park\u0131\u2019ndan Cumhuriyet Meydan\u0131\u2019na kadar s\u00fcren kortej y\u00fcr\u00fcy\u00fc\u015f\u00fcyle ba\u015flad\u0131. Korteje, \u00c7e\u015fme Kaymakam\u0131 Mehmet Mara\u015fl\u0131, \u00c7e\u015fme Belediye Ba\u015fkan\u0131 L\u00e2l Denizli, Garnizon Komutan\u0131 \u0130stihk\u00e2m Albay Erol Da\u011fdeviren, \u00c7e\u015fme Cumhuriyet Ba\u015fsavc\u0131 Vekili \u015eahin \u015eevli, resm\u00ee kurum amirleri, siyasi&#8230;<\/p>\n","protected":false},"author":1,"featured_media":55225,"comment_status":"open","ping_status":"open","sticky":false,"template":"","format":"standard","meta":{"_crdt_document":"","footnotes":""},"categories":[1],"tags":[],"class_list":["post-55224","post","type-post","status-publish","format-standard","has-post-thumbnail","hentry","category-guncel"],"_links":{"self":[{"href":"https:\/\/www.egemtv.com\/index.php?rest_route=\/wp\/v2\/posts\/55224","targetHints":{"allow":["GET"]}}],"collection":[{"href":"https:\/\/www.egemtv.com\/index.php?rest_route=\/wp\/v2\/posts"}],"about":[{"href":"https:\/\/www.egemtv.com\/index.php?rest_route=\/wp\/v2\/types\/post"}],"author":[{"embeddable":true,"href":"https:\/\/www.egemtv.com\/index.php?rest_route=\/wp\/v2\/users\/1"}],"replies":[{"embeddable":true,"href":"https:\/\/www.egemtv.com\/index.php?rest_route=%2Fwp%2Fv2%2Fcomments&post=55224"}],"version-history":[{"count":1,"href":"https:\/\/www.egemtv.com\/index.php?rest_route=\/wp\/v2\/posts\/55224\/revisions"}],"predecessor-version":[{"id":55226,"href":"https:\/\/www.egemtv.com\/index.php?rest_route=\/wp\/v2\/posts\/55224\/revisions\/55226"}],"wp:featuredmedia":[{"embeddable":true,"href":"https:\/\/www.egemtv.com\/index.php?rest_route=\/wp\/v2\/media\/55225"}],"wp:attachment":[{"href":"https:\/\/www.egemtv.com\/index.php?rest_route=%2Fwp%2Fv2%2Fmedia&parent=55224"}],"wp:term":[{"taxonomy":"category","embeddable":true,"href":"https:\/\/www.egemtv.com\/index.php?rest_route=%2Fwp%2Fv2%2Fcategories&post=55224"},{"taxonomy":"post_tag","embeddable":true,"href":"https:\/\/www.egemtv.com\/index.php?rest_route=%2Fwp%2Fv2%2Ftags&post=55224"}],"curies":[{"name":"wp","href":"https:\/\/api.w.org\/{rel}","templated":true}]}}