{"id":55221,"date":"2025-09-16T13:54:55","date_gmt":"2025-09-16T10:54:55","guid":{"rendered":"https:\/\/www.egemtv.com\/?p=55221"},"modified":"2025-09-16T13:54:56","modified_gmt":"2025-09-16T10:54:56","slug":"nazilliyi-uzen-olum","status":"publish","type":"post","link":"https:\/\/www.egemtv.com\/?p=55221","title":{"rendered":"Nazilli\u2019yi \u00fczen \u00f6l\u00fcm"},"content":{"rendered":"<p>Ayd\u0131n\u2019\u0131n Nazilli il\u00e7esinin sevilen esnaflar\u0131ndan Bar\u0131\u015f Y\u0131ld\u0131r\u0131m (50), evinde ge\u00e7irdi\u011fi kalp krizi sonucu hayat\u0131n\u0131 kaybetti.<\/p>\n<p>Nazilli\u2019de kuaf\u00f6r toptanc\u0131s\u0131 olarak \u00e7al\u0131\u015fan Bar\u0131\u015f Y\u0131ld\u0131r\u0131m sabah saatlerinde evinde bir anda fenala\u015ft\u0131. Yap\u0131lan ihbarla eve gelen sa\u011fl\u0131k ekipleri Y\u0131ld\u0131r\u0131m\u2019\u0131n kalp krizi ge\u00e7irdi\u011fini belirleyerek hemen m\u00fcdahalede bulundu. Sa\u011fl\u0131k ekiplerinin t\u00fcm \u00e7abas\u0131na ra\u011fmen Y\u0131ld\u0131r\u0131m, hayat\u0131n\u0131 kaybetti. Yakla\u015f\u0131k iki ay \u00f6nce t\u00fcp mide ameliyat\u0131 oldu\u011fu da \u00f6\u011frenilen Y\u0131ld\u0131r\u0131m\u2019\u0131n ani \u00f6l\u00fcm\u00fc sevenlerini \u00fczerken, cenazesinin bug\u00fcn \u0130kindi namaz\u0131na m\u00fcteakip k\u0131l\u0131nacak cenaze namaz\u0131n\u0131n ard\u0131ndan Nazilli\u2019de topra\u011fa verilece\u011fi \u00f6\u011frenildi.<br \/><\/p>\n","protected":false},"excerpt":{"rendered":"<p>Ayd\u0131n\u2019\u0131n Nazilli il\u00e7esinin sevilen esnaflar\u0131ndan Bar\u0131\u015f Y\u0131ld\u0131r\u0131m (50), evinde ge\u00e7irdi\u011fi kalp krizi sonucu hayat\u0131n\u0131 kaybetti. Nazilli\u2019de kuaf\u00f6r toptanc\u0131s\u0131 olarak \u00e7al\u0131\u015fan Bar\u0131\u015f Y\u0131ld\u0131r\u0131m sabah saatlerinde evinde bir anda fenala\u015ft\u0131. Yap\u0131lan ihbarla eve gelen sa\u011fl\u0131k ekipleri Y\u0131ld\u0131r\u0131m\u2019\u0131n kalp krizi ge\u00e7irdi\u011fini belirleyerek hemen m\u00fcdahalede bulundu. Sa\u011fl\u0131k ekiplerinin t\u00fcm \u00e7abas\u0131na ra\u011fmen Y\u0131ld\u0131r\u0131m, hayat\u0131n\u0131 kaybetti. Yakla\u015f\u0131k iki ay \u00f6nce t\u00fcp&#8230;<\/p>\n","protected":false},"author":1,"featured_media":55222,"comment_status":"open","ping_status":"open","sticky":false,"template":"","format":"standard","meta":{"_crdt_document":"","footnotes":""},"categories":[5],"tags":[],"class_list":["post-55221","post","type-post","status-publish","format-standard","has-post-thumbnail","hentry","category-asayis"],"_links":{"self":[{"href":"https:\/\/www.egemtv.com\/index.php?rest_route=\/wp\/v2\/posts\/55221","targetHints":{"allow":["GET"]}}],"collection":[{"href":"https:\/\/www.egemtv.com\/index.php?rest_route=\/wp\/v2\/posts"}],"about":[{"href":"https:\/\/www.egemtv.com\/index.php?rest_route=\/wp\/v2\/types\/post"}],"author":[{"embeddable":true,"href":"https:\/\/www.egemtv.com\/index.php?rest_route=\/wp\/v2\/users\/1"}],"replies":[{"embeddable":true,"href":"https:\/\/www.egemtv.com\/index.php?rest_route=%2Fwp%2Fv2%2Fcomments&post=55221"}],"version-history":[{"count":1,"href":"https:\/\/www.egemtv.com\/index.php?rest_route=\/wp\/v2\/posts\/55221\/revisions"}],"predecessor-version":[{"id":55223,"href":"https:\/\/www.egemtv.com\/index.php?rest_route=\/wp\/v2\/posts\/55221\/revisions\/55223"}],"wp:featuredmedia":[{"embeddable":true,"href":"https:\/\/www.egemtv.com\/index.php?rest_route=\/wp\/v2\/media\/55222"}],"wp:attachment":[{"href":"https:\/\/www.egemtv.com\/index.php?rest_route=%2Fwp%2Fv2%2Fmedia&parent=55221"}],"wp:term":[{"taxonomy":"category","embeddable":true,"href":"https:\/\/www.egemtv.com\/index.php?rest_route=%2Fwp%2Fv2%2Fcategories&post=55221"},{"taxonomy":"post_tag","embeddable":true,"href":"https:\/\/www.egemtv.com\/index.php?rest_route=%2Fwp%2Fv2%2Ftags&post=55221"}],"curies":[{"name":"wp","href":"https:\/\/api.w.org\/{rel}","templated":true}]}}