{"id":55218,"date":"2025-09-16T13:54:54","date_gmt":"2025-09-16T10:54:54","guid":{"rendered":"https:\/\/www.egemtv.com\/?p=55218"},"modified":"2025-09-16T13:54:54","modified_gmt":"2025-09-16T10:54:54","slug":"buyuksehir-belediye-meclisi-toplantisi-oncesi-vali-canbolat-ak-parti-ve-chp-il-baskanlarini-agirladi","status":"publish","type":"post","link":"https:\/\/www.egemtv.com\/?p=55218","title":{"rendered":"B\u00fcy\u00fck\u015fehir Belediye Meclisi toplant\u0131s\u0131 \u00f6ncesi Vali Canbolat, AK Parti ve CHP \u0130l Ba\u015fkanlar\u0131n\u0131 a\u011f\u0131rlad\u0131"},"content":{"rendered":"<p>Ayd\u0131n Valisi Yakup Canbolat, AK Parti Ayd\u0131n \u0130l Ba\u015fkan\u0131 Mehmet Erdem ve CHP Ayd\u0131n \u0130l Ba\u015fkan\u0131 Hikmet Saat\u00e7\u0131\u2019y\u0131 makam\u0131nda kabul etti. Vali Canbolat\u2019\u0131n meclis toplant\u0131s\u0131 \u00f6ncesi il ba\u015fkanlar\u0131n\u0131 makam\u0131nda a\u011f\u0131rlayarak, meclisin s\u00fckunet i\u00e7erisinde yap\u0131lmas\u0131n\u0131 istedi\u011fi \u00f6\u011frenildi.<br \/>\n<br \/>Ge\u00e7ti\u011fimiz hafta ger\u00e7ekle\u015ftirilen Ayd\u0131n B\u00fcy\u00fck\u015fehir Belediye Meclisi toplant\u0131s\u0131nda AK Parti ve CHP\u2019li \u00fcyeler aras\u0131nda ya\u015fanan gerginlik nedeniyle oturum yap\u0131lamam\u0131\u015f, toplant\u0131 bug\u00fcne ertelenmi\u015fti. Olas\u0131 yeni bir gerginli\u011fi \u00f6nlemek i\u00e7in Ayd\u0131n B\u00fcy\u00fck\u015fehir Belediyesi \u00e7evresinde yo\u011fun g\u00fcvenlik \u00f6nlemleri al\u0131nd\u0131. Belediye binas\u0131 \u00f6n\u00fc trafi\u011fe kapat\u0131l\u0131rken, \u0130l Emniyet M\u00fcd\u00fcrl\u00fc\u011f\u00fc ekipleri de bariyerlerle g\u00fcvenlik kordonu olu\u015fturdu.<br \/>\n<br \/>Ayd\u0131n Valili\u011fi\u2019nin sosyal medya hesab\u0131ndan yap\u0131lan payla\u015f\u0131mda, Vali Canbolat\u2019\u0131n AK Parti ve CHP il ba\u015fkanlar\u0131n\u0131 makam\u0131nda a\u011f\u0131rlad\u0131\u011f\u0131 belirtildi. Bug\u00fcn yap\u0131lacak belediye meclisi \u00f6ncesi ger\u00e7ekle\u015fen bu ziyaret, Vali Canbolat\u2019\u0131n \u015fehrin huzuru ve g\u00fcvenli\u011fi i\u00e7in her iki partiyi s\u00fckunete davet etti\u011fi \u015feklinde yorumland\u0131.<br \/><\/p>\n","protected":false},"excerpt":{"rendered":"<p>Ayd\u0131n Valisi Yakup Canbolat, AK Parti Ayd\u0131n \u0130l Ba\u015fkan\u0131 Mehmet Erdem ve CHP Ayd\u0131n \u0130l Ba\u015fkan\u0131 Hikmet Saat\u00e7\u0131\u2019y\u0131 makam\u0131nda kabul etti. Vali Canbolat\u2019\u0131n meclis toplant\u0131s\u0131 \u00f6ncesi il ba\u015fkanlar\u0131n\u0131 makam\u0131nda a\u011f\u0131rlayarak, meclisin s\u00fckunet i\u00e7erisinde yap\u0131lmas\u0131n\u0131 istedi\u011fi \u00f6\u011frenildi. Ge\u00e7ti\u011fimiz hafta ger\u00e7ekle\u015ftirilen Ayd\u0131n B\u00fcy\u00fck\u015fehir Belediye Meclisi toplant\u0131s\u0131nda AK Parti ve CHP\u2019li \u00fcyeler aras\u0131nda ya\u015fanan gerginlik nedeniyle oturum yap\u0131lamam\u0131\u015f,&#8230;<\/p>\n","protected":false},"author":1,"featured_media":55219,"comment_status":"open","ping_status":"open","sticky":false,"template":"","format":"standard","meta":{"_crdt_document":"","footnotes":""},"categories":[127],"tags":[],"class_list":["post-55218","post","type-post","status-publish","format-standard","has-post-thumbnail","hentry","category-siyaset"],"_links":{"self":[{"href":"https:\/\/www.egemtv.com\/index.php?rest_route=\/wp\/v2\/posts\/55218","targetHints":{"allow":["GET"]}}],"collection":[{"href":"https:\/\/www.egemtv.com\/index.php?rest_route=\/wp\/v2\/posts"}],"about":[{"href":"https:\/\/www.egemtv.com\/index.php?rest_route=\/wp\/v2\/types\/post"}],"author":[{"embeddable":true,"href":"https:\/\/www.egemtv.com\/index.php?rest_route=\/wp\/v2\/users\/1"}],"replies":[{"embeddable":true,"href":"https:\/\/www.egemtv.com\/index.php?rest_route=%2Fwp%2Fv2%2Fcomments&post=55218"}],"version-history":[{"count":1,"href":"https:\/\/www.egemtv.com\/index.php?rest_route=\/wp\/v2\/posts\/55218\/revisions"}],"predecessor-version":[{"id":55220,"href":"https:\/\/www.egemtv.com\/index.php?rest_route=\/wp\/v2\/posts\/55218\/revisions\/55220"}],"wp:featuredmedia":[{"embeddable":true,"href":"https:\/\/www.egemtv.com\/index.php?rest_route=\/wp\/v2\/media\/55219"}],"wp:attachment":[{"href":"https:\/\/www.egemtv.com\/index.php?rest_route=%2Fwp%2Fv2%2Fmedia&parent=55218"}],"wp:term":[{"taxonomy":"category","embeddable":true,"href":"https:\/\/www.egemtv.com\/index.php?rest_route=%2Fwp%2Fv2%2Fcategories&post=55218"},{"taxonomy":"post_tag","embeddable":true,"href":"https:\/\/www.egemtv.com\/index.php?rest_route=%2Fwp%2Fv2%2Ftags&post=55218"}],"curies":[{"name":"wp","href":"https:\/\/api.w.org\/{rel}","templated":true}]}}