{"id":55215,"date":"2025-09-16T13:35:59","date_gmt":"2025-09-16T10:35:59","guid":{"rendered":"https:\/\/www.egemtv.com\/?p=55215"},"modified":"2025-09-16T13:36:00","modified_gmt":"2025-09-16T10:36:00","slug":"antik-kent-prienenin-kalici-dunya-miras-listesine-girmesi-icin-kararli-adimlar-atiliyor","status":"publish","type":"post","link":"https:\/\/www.egemtv.com\/?p=55215","title":{"rendered":"Antik Kent Priene\u2019nin kal\u0131c\u0131 d\u00fcnya miras listesine girmesi i\u00e7in kararl\u0131 ad\u0131mlar at\u0131l\u0131yor"},"content":{"rendered":"<p>2018 y\u0131l\u0131nda UNESCO D\u00fcnya Miras\u0131 Ge\u00e7ici Listesi\u2019ne giren, 2023 y\u0131l\u0131nda kal\u0131c\u0131 listeye girmesi yolunda ciddi ad\u0131mlar\u0131n at\u0131lmaya ba\u015fland\u0131\u011f\u0131 Priene Antik Kenti\u2019nin; D\u00fcnya Kal\u0131c\u0131 Miras listesine girmesi i\u00e7in s\u00fcre\u00e7 titizlikle s\u00fcrd\u00fcr\u00fcl\u00fcyor. S\u00f6ke Belediyesi \u00f6nc\u00fcl\u00fc\u011f\u00fcnde kararl\u0131 ad\u0131mlar at\u0131l\u0131yor.<\/p>\n<p>Bu anlamda 2024 y\u0131l\u0131 Ocak ay\u0131nda alan s\u0131n\u0131rlar\u0131n\u0131n belirlenmesi, 2024 y\u0131l\u0131 Eyl\u00fcl ay\u0131nda Priene Alan Ba\u015fkanl\u0131\u011f\u0131\u2019n\u0131n olu\u015fturulmas\u0131n\u0131n ard\u0131ndan \u00e7al\u0131\u015fmalar daha da h\u0131z kazand\u0131. S\u00f6ke Belediyesi ile Priene Antik Kenti Alan Ba\u015fkanl\u0131\u011f\u0131 ve Anti Kent Kaz\u0131 Ba\u015fkanl\u0131\u011f\u0131 taraf\u0131ndan 3 g\u00fcn s\u00fcrecek Payda\u015f Bilgilendirme ve Arama Toplant\u0131lar\u0131 ba\u015flad\u0131. \u0130lk g\u00fcn\u00fcn konuklar\u0131 sivil toplum kurulu\u015flar\u0131n\u0131n temsilcileri oldu.<\/p>\n<p>Toplant\u0131da S\u00f6ke Belediye Ba\u015fkan\u0131 Dr. Mustafa \u0130berya Ar\u0131kan, Priene Antik Kenti Kaz\u0131 Ba\u015fkan\u0131 Uluda\u011f \u00dcniversitesi\u2019nden Prof. Dr. \u0130brahim Hakan Mert ve Kaz\u0131 Ba\u015fkan\u0131 Yard\u0131mc\u0131s\u0131 Ara\u015ft\u0131rma G\u00f6revlisi Dr. Ahmet Ali Alt\u0131n, Abdullah G\u00fcl \u00dcniversitesi\u2019nden Uluslararas\u0131 An\u0131tlar ve Sitler Konseyi T\u00fcrkiye Milli Komitesi (\u0130COMOS) Temsilcisi Do\u00e7. Dr. Nisa Semiz, Priene Alan Ba\u015fkan\u0131 Mimar Mine A\u015f\u00e7\u0131 da bulundu.<\/p>\n<p>Toplant\u0131n\u0131n a\u00e7\u0131l\u0131\u015f konu\u015fmas\u0131n\u0131 S\u00f6ke Belediye Ba\u015fkan\u0131 Dr. Mustafa \u0130berya Ar\u0131kan yapt\u0131. Priene\u2019nin yaln\u0131zca S\u00f6ke ve Ayd\u0131n\u2019\u0131n de\u011fil, t\u00fcm insanl\u0131\u011f\u0131n ortak k\u00fclt\u00fcrel miras\u0131 oldu\u011funu belirten Ba\u015fkan Ar\u0131kan; &#8220;Binlerce y\u0131ll\u0131k ge\u00e7mi\u015fiyle medeniyetlerin izlerini ta\u015f\u0131yan bu kadim kent, bug\u00fcn bizlere hem tarihi bir sorumluluk hem de gelece\u011fe b\u0131rak\u0131lacak e\u015fsiz bir de\u011fer olarak seslenmektedir. 12 \u0130YON Kenti\u2019nden biri, B\u00fcy\u00fck \u0130skender\u2019in ayak izlerinin bulundu\u011fu ve Bilge Bias\u2019\u0131n kenti olan Priene; D\u00fcnyan\u0131n ilk planl\u0131 kentlerinden biri olma \u00f6zelli\u011fiyle, ge\u00e7mi\u015fin derinlikleri ve gelecek ile bir k\u00f6pr\u00fc olmaya devam ediyor. 2018 y\u0131l\u0131nda UNESCO D\u00fcnya Miras\u0131 ge\u00e7ici listesine al\u0131nan Priene Antik Kentinin Unesco kal\u0131c\u0131 miras listesine al\u0131nmas\u0131 i\u00e7in ciddi ad\u0131mlar att\u0131k ve atmaya devam ediyoruz. Bakanl\u0131k ve S\u00f6ke Belediyesi taraf\u0131ndan 2023 y\u0131l\u0131nda protokol\u00fcn imzalanmas\u0131n\u0131n ard\u0131ndan, 2023 y\u0131l\u0131 Ekim ay\u0131nda yine bu salonda toplanm\u0131\u015f ve yeni bir s\u00fcre\u00e7 ba\u015flatm\u0131\u015ft\u0131k. Bu s\u00fcreci Alan Ba\u015fkanl\u0131\u011f\u0131 sizlere daha geni\u015f bir \u015fekilde aktaracak. Bug\u00fcn burada bir araya geli\u015fimizin amac\u0131, Priene Antik Kenti\u2019nin UNESCO D\u00fcnya Miras\u0131 Kal\u0131c\u0131 Listesi adayl\u0131k s\u00fcrecine katk\u0131 sa\u011flamak; antik kentin korunmas\u0131, ya\u015fat\u0131lmas\u0131 ve d\u00fcnya miras\u0131 yolculu\u011funda hak etti\u011fi noktaya ta\u015f\u0131nmas\u0131 i\u00e7in at\u0131lacak ad\u0131mlar\u0131 birlikte de\u011ferlendirmektir. Kamu kurumlar\u0131m\u0131z, yerel y\u00f6netimlerimiz, akademisyenlerimiz, sivil toplum kurulu\u015flar\u0131m\u0131z ve t\u00fcm payda\u015flar\u0131m\u0131z\u0131n katk\u0131s\u0131yla, Priene\u2019yi sadece bir arkeolojik alan olarak de\u011fil; ayn\u0131 zamanda k\u00fclt\u00fcrel, turistik ve ekonomik bir de\u011fer olarak gelece\u011fe ta\u015f\u0131may\u0131 hedefliyoruz. Bu toplant\u0131n\u0131n, ortak ak\u0131l ve i\u015f birli\u011fiyle Priene\u2019nin d\u00fcnya miras\u0131 olma yolculu\u011funa \u0131\u015f\u0131k tutaca\u011f\u0131na, tarihi zenginliklerimizi koruma \u00e7abalar\u0131m\u0131za g\u00fc\u00e7 kataca\u011f\u0131na inan\u0131yorum&#8221; diye konu\u015ftu.<\/p>\n<p>Toplant\u0131da Priene Antik Kenti Kaz\u0131 Ba\u015fkan\u0131 Yard\u0131mc\u0131s\u0131 Uluda\u011f \u00dcniversitesi Ara\u015ft\u0131rma G\u00f6revlisi Dr. Ahmet Ali Alt\u0131n; Priene Antik Kenti\u2019nin tarihi, kaz\u0131 \u00e7al\u0131\u015fmalar\u0131n\u0131n tarih\u00e7esi, antik kentte tarihi ya\u015fam s\u00fcreci gibi konularda bilgiler verdi. Ard\u0131ndan Priene Alan Ba\u015fkan\u0131 Mimar Mine A\u015f\u00e7\u0131; Antik kentin UNESCO yolculu\u011fu gelinen s\u00fcre\u00e7 ve bundan sonra yap\u0131lacak \u00e7al\u0131\u015fmalar ile ilgili bir sunum yapt\u0131.<\/p>\n<p>K\u00fclt\u00fcr ve Turizm Bakanl\u0131\u011f\u0131\u2019n\u0131n 2015 y\u0131l\u0131nda yay\u0131nlanan &#8220;Korunmas\u0131 Gerekli Ta\u015f\u0131nmaz K\u00fclt\u00fcr Varl\u0131klar\u0131n\u0131n Ve Sitlerin Tespit Ve Tescili Hakk\u0131nda Y\u00f6netmeli\u011fi&#8221;ne g\u00f6re \u00e7al\u0131\u015fmalar\u0131n y\u00fcr\u00fct\u00fcld\u00fc\u011f\u00fcn\u00fc belirten Mine A\u015f\u00e7\u0131; geride kalan s\u00fcre\u00e7te \u00f6nemli ad\u0131mlar\u0131n at\u0131ld\u0131\u011f\u0131n\u0131 s\u00f6yledi. A\u015f\u00e7\u0131; antik kent alan s\u0131n\u0131rlar\u0131n\u0131n belirlenmesi, Alan Ba\u015fkanl\u0131\u011f\u0131 atamas\u0131 ve ofisinin kurulmas\u0131n\u0131n ard\u0131ndan Dan\u0131\u015fma Kurulu ve E\u015fg\u00fcd\u00fcm Denetleme Kurulu \u00fcyelerinin atamalar\u0131n\u0131n da yap\u0131ld\u0131\u011f\u0131n\u0131 belirtti.<\/p>\n<p>Priene Alan Ba\u015fkan\u0131 Mimar Mine A\u015f\u00e7\u0131; &#8220;UNESCO kal\u0131c\u0131 listeye girmemizden sonra en az 10 y\u0131ll\u0131k eylem planlar\u0131n\u0131 istiyor. Sadece tarihi alan de\u011fil \u00e7evresindeki alan\u0131n b\u00fct\u00fcnc\u00fcl bir stratejiyle ele al\u0131nmas\u0131 gerekiyor. Bu s\u00fcre\u00e7te genel strateji, mali kaynaklar\u0131n belirlenmesi, uluslararas\u0131 i\u015fbirli\u011fi, sekt\u00f6r olu\u015fum potansiyeli gibi kavramlar\u0131n planlanmas\u0131 \u00e7ok \u00f6nemli. Ayr\u0131ca yerel halk\u0131n fark\u0131ndal\u0131\u011f\u0131n\u0131n artmas\u0131, sivil toplumun kat\u0131l\u0131m\u0131 da program a\u00e7\u0131s\u0131ndan olduk\u00e7a \u00f6nemli. Bug\u00fcn ba\u015flatt\u0131\u011f\u0131m\u0131z toplant\u0131lar bu planlamalar\u0131n bir par\u00e7as\u0131&#8221; dedi.<\/p>\n<p>T\u00fcrkiye\u2019de 22 miras\u0131n kal\u0131c\u0131 listede, 79 miras\u0131n ise ge\u00e7ici listede yer ald\u0131\u011f\u0131na dikkat \u00e7eken Mine A\u015f\u00e7\u0131; &#8220;Priene kal\u0131c\u0131 listeye girmek isteyen 79 mirastan biri. Mimari yap\u0131s\u0131 ve \u00f6zg\u00fcnl\u00fc\u011f\u00fc, tarihi ya\u015fam\u0131 ile \u00fcnl\u00fc d\u00fc\u015f\u00fcn\u00fcr Bilge Bias ve \u00fcnl\u00fc mimar\u0131 Pieos, Helenistik d\u00f6nemin ya\u015fam izleri, tap\u0131naklar\u0131 ve estetik anlay\u0131\u015f\u0131, evrensel de\u011ferleriyle Priene; UNESCO\u2019nun D\u00fcnya kal\u0131c\u0131 miras listesine girmek i\u00e7in ortaya konan bir\u00e7ok kriteri kar\u015f\u0131l\u0131yor. Bu anlamda \u00e7al\u0131\u015fmalar\u0131m\u0131z\u0131 tamamlay\u0131p, kal\u0131c\u0131 miras listesine girmek istiyoruz&#8221; dedi.<\/p>\n<p>UNESCO D\u00fcnya Miras Listesine girmenin b\u00f6lgeye sa\u011flayaca\u011f\u0131 \u00f6nemli katk\u0131lardan da bahseden Alan Ba\u015fkan\u0131 Mine A\u015f\u00e7\u0131; &#8220;Evrensel de\u011ferlerin ve alan\u0131n bilimsel olarak korunmas\u0131n\u0131n yan\u0131nda uluslararas\u0131 tan\u0131t\u0131m ve bilinirlik aratacak. Ziyaret\u00e7i say\u0131s\u0131n\u0131n b\u00f6lge ekonomisine b\u00fcy\u00fck katk\u0131s\u0131 olacak. Uluslararas\u0131 fonlar ve uzmanlara ula\u015f\u0131m\u0131 sa\u011flayacak&#8221; dedi.<\/p>\n<p>Toplant\u0131 sunum ve konulmalar\u0131n ard\u0131ndan kat\u0131l\u0131mc\u0131lar\u0131n g\u00f6r\u00fc\u015f ve \u00f6nerileri ile son buldu. Priene Payda\u015f Arama Toplant\u0131lar\u0131, Kamu kurum ve kurulu\u015f temsilcileri sonras\u0131nda \u00dcniversite temsilcilerinin kat\u0131l\u0131m\u0131yla devam edecek.<br \/><\/p>\n","protected":false},"excerpt":{"rendered":"<p>2018 y\u0131l\u0131nda UNESCO D\u00fcnya Miras\u0131 Ge\u00e7ici Listesi\u2019ne giren, 2023 y\u0131l\u0131nda kal\u0131c\u0131 listeye girmesi yolunda ciddi ad\u0131mlar\u0131n at\u0131lmaya ba\u015fland\u0131\u011f\u0131 Priene Antik Kenti\u2019nin; D\u00fcnya Kal\u0131c\u0131 Miras listesine girmesi i\u00e7in s\u00fcre\u00e7 titizlikle s\u00fcrd\u00fcr\u00fcl\u00fcyor. S\u00f6ke Belediyesi \u00f6nc\u00fcl\u00fc\u011f\u00fcnde kararl\u0131 ad\u0131mlar at\u0131l\u0131yor. Bu anlamda 2024 y\u0131l\u0131 Ocak ay\u0131nda alan s\u0131n\u0131rlar\u0131n\u0131n belirlenmesi, 2024 y\u0131l\u0131 Eyl\u00fcl ay\u0131nda Priene Alan Ba\u015fkanl\u0131\u011f\u0131\u2019n\u0131n olu\u015fturulmas\u0131n\u0131n ard\u0131ndan \u00e7al\u0131\u015fmalar&#8230;<\/p>\n","protected":false},"author":1,"featured_media":55216,"comment_status":"open","ping_status":"open","sticky":false,"template":"","format":"standard","meta":{"_crdt_document":"","footnotes":""},"categories":[1],"tags":[],"class_list":["post-55215","post","type-post","status-publish","format-standard","has-post-thumbnail","hentry","category-guncel"],"_links":{"self":[{"href":"https:\/\/www.egemtv.com\/index.php?rest_route=\/wp\/v2\/posts\/55215","targetHints":{"allow":["GET"]}}],"collection":[{"href":"https:\/\/www.egemtv.com\/index.php?rest_route=\/wp\/v2\/posts"}],"about":[{"href":"https:\/\/www.egemtv.com\/index.php?rest_route=\/wp\/v2\/types\/post"}],"author":[{"embeddable":true,"href":"https:\/\/www.egemtv.com\/index.php?rest_route=\/wp\/v2\/users\/1"}],"replies":[{"embeddable":true,"href":"https:\/\/www.egemtv.com\/index.php?rest_route=%2Fwp%2Fv2%2Fcomments&post=55215"}],"version-history":[{"count":1,"href":"https:\/\/www.egemtv.com\/index.php?rest_route=\/wp\/v2\/posts\/55215\/revisions"}],"predecessor-version":[{"id":55217,"href":"https:\/\/www.egemtv.com\/index.php?rest_route=\/wp\/v2\/posts\/55215\/revisions\/55217"}],"wp:featuredmedia":[{"embeddable":true,"href":"https:\/\/www.egemtv.com\/index.php?rest_route=\/wp\/v2\/media\/55216"}],"wp:attachment":[{"href":"https:\/\/www.egemtv.com\/index.php?rest_route=%2Fwp%2Fv2%2Fmedia&parent=55215"}],"wp:term":[{"taxonomy":"category","embeddable":true,"href":"https:\/\/www.egemtv.com\/index.php?rest_route=%2Fwp%2Fv2%2Fcategories&post=55215"},{"taxonomy":"post_tag","embeddable":true,"href":"https:\/\/www.egemtv.com\/index.php?rest_route=%2Fwp%2Fv2%2Ftags&post=55215"}],"curies":[{"name":"wp","href":"https:\/\/api.w.org\/{rel}","templated":true}]}}