{"id":55212,"date":"2025-09-16T13:35:58","date_gmt":"2025-09-16T10:35:58","guid":{"rendered":"https:\/\/www.egemtv.com\/?p=55212"},"modified":"2025-09-16T13:35:59","modified_gmt":"2025-09-16T10:35:59","slug":"genc-hakem-humeyra-seven-istanbul-yolunda","status":"publish","type":"post","link":"https:\/\/www.egemtv.com\/?p=55212","title":{"rendered":"Gen\u00e7 hakem H\u00fcmeyra Seven \u0130stanbul yolunda"},"content":{"rendered":"<p>K\u00fctahya\u2019n\u0131n yeti\u015ftirdi\u011fi gen\u00e7 yeteneklerden H\u00fcmeyra Seven, hakemlik kariyerinde emin ad\u0131mlarla ilerliyor. 2004 do\u011fumlu olan ve aslen Emet il\u00e7esinin S\u00fclye k\u00f6y\u00fcnden gelen Seven, b\u00f6lgesel yard\u0131mc\u0131 hakem olarak g\u00f6rev yapt\u0131\u011f\u0131 kariyerinde yeni bir sayfa a\u00e7mak \u00fczere \u0130stanbul\u2019a do\u011fru yola \u00e7\u0131kt\u0131.<br \/>\n<br \/>2022 y\u0131l\u0131nda Tav\u015fanl\u0131\u2019da hakemli\u011fe ba\u015flayan H\u00fcmeyra Seven, k\u0131sa s\u00fcrede g\u00f6sterdi\u011fi ba\u015far\u0131yla dikkatleri \u00fczerine \u00e7ekti. Ayn\u0131 zamanda Dumlup\u0131nar \u00dcniversitesi Beden E\u011fitimi ve Spor Y\u00fcksekokulu (BESY\u00d6) 4. s\u0131n\u0131f \u00f6\u011frencisi olarak e\u011fitim hayat\u0131n\u0131 da ba\u015far\u0131yla s\u00fcrd\u00fcren gen\u00e7 hakem, sahadaki azmi ve kararl\u0131l\u0131\u011f\u0131yla tan\u0131n\u0131yor.<br \/>\n<br \/>K\u0131z\u0131n\u0131n ba\u015far\u0131s\u0131yla gurur duydu\u011funu belirten babas\u0131 Ali Seven, &#8220;H\u00fcmeyra\u2019n\u0131n her zaman arkas\u0131nday\u0131m. Onun ba\u015far\u0131l\u0131 bir hakem olmas\u0131 i\u00e7in elimden gelen t\u00fcm deste\u011fi veriyorum. Azmi ve \u00e7al\u0131\u015fkanl\u0131\u011f\u0131yla daha iyi yerlere gelece\u011fine inanc\u0131m tam&#8221; ifadelerini kulland\u0131.<br \/>\n<br \/>Gen\u00e7 ya\u015f\u0131na ra\u011fmen \u00f6nemli bir tecr\u00fcbe kazanan ve hedeflerine ula\u015fmak i\u00e7in \u0130stanbul\u2019un yolunu tutan H\u00fcmeyra Seven\u2019in, T\u00fcrk futbolunda ad\u0131ndan s\u0131k\u00e7a s\u00f6z ettirmesi bekleniyor.<br \/><\/p>\n","protected":false},"excerpt":{"rendered":"<p>K\u00fctahya\u2019n\u0131n yeti\u015ftirdi\u011fi gen\u00e7 yeteneklerden H\u00fcmeyra Seven, hakemlik kariyerinde emin ad\u0131mlarla ilerliyor. 2004 do\u011fumlu olan ve aslen Emet il\u00e7esinin S\u00fclye k\u00f6y\u00fcnden gelen Seven, b\u00f6lgesel yard\u0131mc\u0131 hakem olarak g\u00f6rev yapt\u0131\u011f\u0131 kariyerinde yeni bir sayfa a\u00e7mak \u00fczere \u0130stanbul\u2019a do\u011fru yola \u00e7\u0131kt\u0131. 2022 y\u0131l\u0131nda Tav\u015fanl\u0131\u2019da hakemli\u011fe ba\u015flayan H\u00fcmeyra Seven, k\u0131sa s\u00fcrede g\u00f6sterdi\u011fi ba\u015far\u0131yla dikkatleri \u00fczerine \u00e7ekti. Ayn\u0131 zamanda Dumlup\u0131nar&#8230;<\/p>\n","protected":false},"author":1,"featured_media":55213,"comment_status":"open","ping_status":"open","sticky":false,"template":"","format":"standard","meta":{"_crdt_document":"","footnotes":""},"categories":[4],"tags":[],"class_list":["post-55212","post","type-post","status-publish","format-standard","has-post-thumbnail","hentry","category-spor"],"_links":{"self":[{"href":"https:\/\/www.egemtv.com\/index.php?rest_route=\/wp\/v2\/posts\/55212","targetHints":{"allow":["GET"]}}],"collection":[{"href":"https:\/\/www.egemtv.com\/index.php?rest_route=\/wp\/v2\/posts"}],"about":[{"href":"https:\/\/www.egemtv.com\/index.php?rest_route=\/wp\/v2\/types\/post"}],"author":[{"embeddable":true,"href":"https:\/\/www.egemtv.com\/index.php?rest_route=\/wp\/v2\/users\/1"}],"replies":[{"embeddable":true,"href":"https:\/\/www.egemtv.com\/index.php?rest_route=%2Fwp%2Fv2%2Fcomments&post=55212"}],"version-history":[{"count":1,"href":"https:\/\/www.egemtv.com\/index.php?rest_route=\/wp\/v2\/posts\/55212\/revisions"}],"predecessor-version":[{"id":55214,"href":"https:\/\/www.egemtv.com\/index.php?rest_route=\/wp\/v2\/posts\/55212\/revisions\/55214"}],"wp:featuredmedia":[{"embeddable":true,"href":"https:\/\/www.egemtv.com\/index.php?rest_route=\/wp\/v2\/media\/55213"}],"wp:attachment":[{"href":"https:\/\/www.egemtv.com\/index.php?rest_route=%2Fwp%2Fv2%2Fmedia&parent=55212"}],"wp:term":[{"taxonomy":"category","embeddable":true,"href":"https:\/\/www.egemtv.com\/index.php?rest_route=%2Fwp%2Fv2%2Fcategories&post=55212"},{"taxonomy":"post_tag","embeddable":true,"href":"https:\/\/www.egemtv.com\/index.php?rest_route=%2Fwp%2Fv2%2Ftags&post=55212"}],"curies":[{"name":"wp","href":"https:\/\/api.w.org\/{rel}","templated":true}]}}