{"id":55209,"date":"2025-09-16T13:24:05","date_gmt":"2025-09-16T10:24:05","guid":{"rendered":"https:\/\/www.egemtv.com\/?p=55209"},"modified":"2025-09-16T13:24:06","modified_gmt":"2025-09-16T10:24:06","slug":"dunya-saglik-turizminin-kalbi-bursada-atacak","status":"publish","type":"post","link":"https:\/\/www.egemtv.com\/?p=55209","title":{"rendered":"D\u00fcnya sa\u011fl\u0131k turizminin kalbi Bursa\u2019da atacak"},"content":{"rendered":"\n<p class=\"wp-block-paragraph\"><strong>T\u00fcrkiye sa\u011fl\u0131k turizmiyle D\u00fcnyay\u0131 Bursa\u2019da a\u011f\u0131rlayacak<\/strong><\/p>\n\n\n\n<p class=\"wp-block-paragraph\"><strong>T\u00fcrkiye, Uluslararas\u0131 Sa\u011fl\u0131k Turizmi, Ticaret ve Turizm Zirvesi\u2019ne ev sahipli\u011fi yapacak<\/strong><\/p>\n\n\n\n<p class=\"wp-block-paragraph\">Sa\u011fl\u0131k turizminde geli\u015fmi\u015f altyap\u0131s\u0131, g\u00fc\u00e7l\u00fc uzman hekim kadrosu ve uygun maliyetli hizmetleriyle d\u00fcnyada dikkat \u00e7eken T\u00fcrkiye, <strong>Bursa\u2019da dev bir bulu\u015fmaya<\/strong> haz\u0131rlan\u0131yor. Bursa Valili\u011fi\u2019nin onay\u0131yla, Ayder Grup organizasyonuyla ve Uluslararas\u0131 Ticaret ve Sa\u011fl\u0131k Turizmi Federasyonu (UTSAF) deste\u011fiyle d\u00fczenlenecek olan <strong>Uluslararas\u0131 Sa\u011fl\u0131k Turizmi, Ticaret ve Turizm Zirvesi<\/strong>, 21-23 Kas\u0131m tarihlerinde <strong>Bursa Merinos Atat\u00fcrk Kongre ve K\u00fclt\u00fcr Merkezi\u2019nde<\/strong> ger\u00e7ekle\u015ftirilecek.<\/p>\n\n\n\n<p class=\"wp-block-paragraph\"><strong>D\u00fcnya Sa\u011fl\u0131k ve Ticaret Profesyonelleri Bursa\u2019da<\/strong><\/p>\n\n\n\n<p class=\"wp-block-paragraph\">D\u00fcnyan\u0131n d\u00f6rt bir yan\u0131ndan ziyaret\u00e7iler ve al\u0131m heyetlerinin kat\u0131laca\u011f\u0131 zirvede; hastaneler, termal tesisler, sa\u011fl\u0131k turizmi acenteleri, oteller, medikal firmalar, sigorta \u015firketleri ve ticari kurulu\u015flar bir araya gelerek <strong>do\u011frudan tan\u0131t\u0131m ve i\u015f birli\u011fi f\u0131rsat\u0131<\/strong> bulacak. B\u00f6ylece sa\u011fl\u0131k turizmi ve ticaret sekt\u00f6r\u00fcn\u00fcn gelece\u011fine y\u00f6n verecek stratejik ortakl\u0131klar\u0131n temeli at\u0131lacak.<\/p>\n\n\n\n<p class=\"wp-block-paragraph\"><strong>Zirvede Yo\u011fun Program: B2B G\u00f6r\u00fc\u015fmeler ve Uluslararas\u0131 Konferanslar<\/strong><\/p>\n\n\n\n<p class=\"wp-block-paragraph\">Etkinlik kapsam\u0131nda, <strong>B2B ikili i\u015f g\u00f6r\u00fc\u015fmeleri<\/strong> ile sekt\u00f6r temsilcilerine do\u011frudan ba\u011flant\u0131 imk\u00e2n\u0131 sunulacak. Ayr\u0131ca uluslararas\u0131 konferanslarda, Bakanl\u0131k yetkilileri, sivil toplum kurulu\u015fu temsilcileri ve sekt\u00f6r liderleri sa\u011fl\u0131k turizmi, ticaret ve turizmin gelece\u011fine dair deneyimlerini payla\u015facak; k\u00fcresel \u00f6l\u00e7ekte i\u015f birli\u011fi modelleri masaya yat\u0131r\u0131lacak.<\/p>\n\n\n\n<p class=\"wp-block-paragraph\"><strong>Avrupa\u2019n\u0131n Marka \u015eehri Bursa Sahne Al\u0131yor<\/strong><\/p>\n\n\n\n<p class=\"wp-block-paragraph\">Avrupa Kenti \u00d6d\u00fcl\u00fc sahibi ve <strong>Marka \u015eehir Bursa<\/strong>, bu dev organizasyona ev sahipli\u011fi yaparak sadece T\u00fcrkiye\u2019nin de\u011fil, d\u00fcnyan\u0131n dikkatini \u00e7ekecek. Sa\u011fl\u0131k turizmi, ticaret ve turizmin kalbinin ataca\u011f\u0131 zirvede, <strong>Sa\u011fl\u0131k Bakan\u0131 Prof. Dr. Kemal Memi\u015fo\u011flu<\/strong> ba\u015fta olmak \u00fczere \u00fcst d\u00fczey bakanl\u0131k yetkililerinin de yer almas\u0131 bekleniyor.<\/p>\n\n\n\n<p class=\"wp-block-paragraph\">Bu g\u00f6rkemli zirve, hem Bursa\u2019n\u0131n hem de T\u00fcrkiye\u2019nin uluslararas\u0131 alandaki g\u00fcc\u00fcn\u00fc bir kez daha g\u00f6zler \u00f6n\u00fcne serecek.<\/p>\n\n\n\n<figure class=\"wp-block-image size-large\"><img data-dominant-color=\"b3b4c5\" data-has-transparency=\"false\" style=\"--dominant-color: #b3b4c5;\" fetchpriority=\"high\" decoding=\"async\" width=\"600\" height=\"338\" src=\"https:\/\/www.egemtv.com\/wp-content\/uploads\/2025\/09\/WhatsApp-Gorsel-2025-09-16-saat-11.40.55_f8bb69b7-600x338.jpg\" alt=\"\" class=\"wp-image-55210 not-transparent\" srcset=\"https:\/\/www.egemtv.com\/wp-content\/uploads\/2025\/09\/WhatsApp-Gorsel-2025-09-16-saat-11.40.55_f8bb69b7-600x338.jpg 600w, https:\/\/www.egemtv.com\/wp-content\/uploads\/2025\/09\/WhatsApp-Gorsel-2025-09-16-saat-11.40.55_f8bb69b7-300x169.jpg 300w, https:\/\/www.egemtv.com\/wp-content\/uploads\/2025\/09\/WhatsApp-Gorsel-2025-09-16-saat-11.40.55_f8bb69b7-768x432.jpg 768w, https:\/\/www.egemtv.com\/wp-content\/uploads\/2025\/09\/WhatsApp-Gorsel-2025-09-16-saat-11.40.55_f8bb69b7-1536x864.jpg 1536w, https:\/\/www.egemtv.com\/wp-content\/uploads\/2025\/09\/WhatsApp-Gorsel-2025-09-16-saat-11.40.55_f8bb69b7.jpg 1600w\" sizes=\"(max-width: 600px) 100vw, 600px\" \/><\/figure>\n","protected":false},"excerpt":{"rendered":"<p>T\u00fcrkiye sa\u011fl\u0131k turizmiyle D\u00fcnyay\u0131 Bursa\u2019da a\u011f\u0131rlayacak T\u00fcrkiye, Uluslararas\u0131 Sa\u011fl\u0131k Turizmi, Ticaret ve Turizm Zirvesi\u2019ne ev sahipli\u011fi yapacak Sa\u011fl\u0131k turizminde geli\u015fmi\u015f altyap\u0131s\u0131, g\u00fc\u00e7l\u00fc uzman hekim kadrosu ve uygun maliyetli hizmetleriyle d\u00fcnyada dikkat \u00e7eken T\u00fcrkiye, Bursa\u2019da dev bir bulu\u015fmaya haz\u0131rlan\u0131yor. Bursa Valili\u011fi\u2019nin onay\u0131yla, Ayder Grup organizasyonuyla ve Uluslararas\u0131 Ticaret ve Sa\u011fl\u0131k Turizmi Federasyonu (UTSAF) deste\u011fiyle d\u00fczenlenecek olan&#8230;<\/p>\n","protected":false},"author":1,"featured_media":55210,"comment_status":"open","ping_status":"open","sticky":false,"template":"","format":"standard","meta":{"_crdt_document":"","footnotes":""},"categories":[123],"tags":[],"class_list":["post-55209","post","type-post","status-publish","format-standard","has-post-thumbnail","hentry","category-gundem"],"_links":{"self":[{"href":"https:\/\/www.egemtv.com\/index.php?rest_route=\/wp\/v2\/posts\/55209","targetHints":{"allow":["GET"]}}],"collection":[{"href":"https:\/\/www.egemtv.com\/index.php?rest_route=\/wp\/v2\/posts"}],"about":[{"href":"https:\/\/www.egemtv.com\/index.php?rest_route=\/wp\/v2\/types\/post"}],"author":[{"embeddable":true,"href":"https:\/\/www.egemtv.com\/index.php?rest_route=\/wp\/v2\/users\/1"}],"replies":[{"embeddable":true,"href":"https:\/\/www.egemtv.com\/index.php?rest_route=%2Fwp%2Fv2%2Fcomments&post=55209"}],"version-history":[{"count":1,"href":"https:\/\/www.egemtv.com\/index.php?rest_route=\/wp\/v2\/posts\/55209\/revisions"}],"predecessor-version":[{"id":55211,"href":"https:\/\/www.egemtv.com\/index.php?rest_route=\/wp\/v2\/posts\/55209\/revisions\/55211"}],"wp:featuredmedia":[{"embeddable":true,"href":"https:\/\/www.egemtv.com\/index.php?rest_route=\/wp\/v2\/media\/55210"}],"wp:attachment":[{"href":"https:\/\/www.egemtv.com\/index.php?rest_route=%2Fwp%2Fv2%2Fmedia&parent=55209"}],"wp:term":[{"taxonomy":"category","embeddable":true,"href":"https:\/\/www.egemtv.com\/index.php?rest_route=%2Fwp%2Fv2%2Fcategories&post=55209"},{"taxonomy":"post_tag","embeddable":true,"href":"https:\/\/www.egemtv.com\/index.php?rest_route=%2Fwp%2Fv2%2Ftags&post=55209"}],"curies":[{"name":"wp","href":"https:\/\/api.w.org\/{rel}","templated":true}]}}