{"id":55206,"date":"2025-09-16T13:14:42","date_gmt":"2025-09-16T10:14:42","guid":{"rendered":"https:\/\/www.egemtv.com\/?p=55206"},"modified":"2025-09-16T13:14:43","modified_gmt":"2025-09-16T10:14:43","slug":"itfaiye-arac-ve-ekipmanlari-ogrencilere-tanitildi","status":"publish","type":"post","link":"https:\/\/www.egemtv.com\/?p=55206","title":{"rendered":"\u0130tfaiye ara\u00e7 ve ekipmanlar\u0131 \u00f6\u011frencilere tan\u0131t\u0131ld\u0131"},"content":{"rendered":"<p>\u0130zmir\u2019in Alia\u011fa il\u00e7esinde \u00c7alt\u0131dere \u0130lkokulu\u2019nu ziyaret eden \u0130tfaiye Grup Amirli\u011fi ekipleri, itfaiyecili\u011fe ilgi duyan miniklere, yang\u0131n s\u00f6nd\u00fcrme ara\u00e7lar\u0131n\u0131 tan\u0131t\u0131larak yang\u0131n g\u00fcvenli\u011fi konusunda bilgiler verdi.<br \/>\n<br \/>Alia\u011fa \u0130tfaiye Grup Amirli\u011fi ile \u00c7alt\u0131dere \u0130lkokulu \u00f6\u011frencileri aras\u0131nda kar\u015f\u0131l\u0131kl\u0131 ziyaret program\u0131 d\u00fczenlendi. Okula yap\u0131lan ziyarette, \u00f6\u011frencilere yang\u0131n s\u00f6nd\u00fcrme ara\u00e7lar\u0131, m\u00fcdahale ekipmanlar\u0131 ve kurtarma hizmetlerinde kullan\u0131lan ara\u00e7 gere\u00e7ler tan\u0131t\u0131ld\u0131. \u00d6\u011frenciler, itfaiyecilerin \u00fcniformalar\u0131n\u0131 nas\u0131l giydi\u011fini uygulamal\u0131 olarak izledi. Yang\u0131n s\u00f6nd\u00fcrme ekipmanlar\u0131 tan\u0131t\u0131l\u0131rken, g\u00fcvenlik \u00f6nlemleri hakk\u0131nda da bilgiler verildi. \u0130zmir B\u00fcy\u00fck\u015fehir Belediyesi \u0130tfaiye Dairesi Ba\u015fkanl\u0131\u011f\u0131 taraf\u0131ndan haz\u0131rlanan kitaplar \u00f6\u011frencilere hediye edildi.<br \/>\n<br \/>Ziyaretin ard\u0131ndan duygular\u0131n\u0131 payla\u015fan \u00f6\u011frenciler, itfaiye ara\u00e7lar\u0131n\u0131 yak\u0131ndan g\u00f6rmenin heyecan\u0131n\u0131 ya\u015fad\u0131klar\u0131n\u0131 belirtti. \u00d6\u011frenciler itfaiye hortumu ile su s\u0131karak hem e\u011flendiklerini hem de itfaiyecilik deneyimi ya\u015fad\u0131klar\u0131n\u0131 kaydettiler. Minikler ayr\u0131ca, yapt\u0131klar\u0131 resimleri itfaiyecilere vererek te\u015fekk\u00fcr etti.<br \/><\/p>\n","protected":false},"excerpt":{"rendered":"<p>\u0130zmir\u2019in Alia\u011fa il\u00e7esinde \u00c7alt\u0131dere \u0130lkokulu\u2019nu ziyaret eden \u0130tfaiye Grup Amirli\u011fi ekipleri, itfaiyecili\u011fe ilgi duyan miniklere, yang\u0131n s\u00f6nd\u00fcrme ara\u00e7lar\u0131n\u0131 tan\u0131t\u0131larak yang\u0131n g\u00fcvenli\u011fi konusunda bilgiler verdi. Alia\u011fa \u0130tfaiye Grup Amirli\u011fi ile \u00c7alt\u0131dere \u0130lkokulu \u00f6\u011frencileri aras\u0131nda kar\u015f\u0131l\u0131kl\u0131 ziyaret program\u0131 d\u00fczenlendi. Okula yap\u0131lan ziyarette, \u00f6\u011frencilere yang\u0131n s\u00f6nd\u00fcrme ara\u00e7lar\u0131, m\u00fcdahale ekipmanlar\u0131 ve kurtarma hizmetlerinde kullan\u0131lan ara\u00e7 gere\u00e7ler tan\u0131t\u0131ld\u0131. \u00d6\u011frenciler, itfaiyecilerin&#8230;<\/p>\n","protected":false},"author":1,"featured_media":55207,"comment_status":"open","ping_status":"open","sticky":false,"template":"","format":"standard","meta":{"_crdt_document":"","footnotes":""},"categories":[1],"tags":[],"class_list":["post-55206","post","type-post","status-publish","format-standard","has-post-thumbnail","hentry","category-guncel"],"_links":{"self":[{"href":"https:\/\/www.egemtv.com\/index.php?rest_route=\/wp\/v2\/posts\/55206","targetHints":{"allow":["GET"]}}],"collection":[{"href":"https:\/\/www.egemtv.com\/index.php?rest_route=\/wp\/v2\/posts"}],"about":[{"href":"https:\/\/www.egemtv.com\/index.php?rest_route=\/wp\/v2\/types\/post"}],"author":[{"embeddable":true,"href":"https:\/\/www.egemtv.com\/index.php?rest_route=\/wp\/v2\/users\/1"}],"replies":[{"embeddable":true,"href":"https:\/\/www.egemtv.com\/index.php?rest_route=%2Fwp%2Fv2%2Fcomments&post=55206"}],"version-history":[{"count":1,"href":"https:\/\/www.egemtv.com\/index.php?rest_route=\/wp\/v2\/posts\/55206\/revisions"}],"predecessor-version":[{"id":55208,"href":"https:\/\/www.egemtv.com\/index.php?rest_route=\/wp\/v2\/posts\/55206\/revisions\/55208"}],"wp:featuredmedia":[{"embeddable":true,"href":"https:\/\/www.egemtv.com\/index.php?rest_route=\/wp\/v2\/media\/55207"}],"wp:attachment":[{"href":"https:\/\/www.egemtv.com\/index.php?rest_route=%2Fwp%2Fv2%2Fmedia&parent=55206"}],"wp:term":[{"taxonomy":"category","embeddable":true,"href":"https:\/\/www.egemtv.com\/index.php?rest_route=%2Fwp%2Fv2%2Fcategories&post=55206"},{"taxonomy":"post_tag","embeddable":true,"href":"https:\/\/www.egemtv.com\/index.php?rest_route=%2Fwp%2Fv2%2Ftags&post=55206"}],"curies":[{"name":"wp","href":"https:\/\/api.w.org\/{rel}","templated":true}]}}