{"id":55188,"date":"2025-09-16T12:15:04","date_gmt":"2025-09-16T09:15:04","guid":{"rendered":"https:\/\/www.egemtv.com\/?p=55188"},"modified":"2025-09-16T12:15:05","modified_gmt":"2025-09-16T09:15:05","slug":"kutahyali-elif-nur-karacandan-turkiye-birinciligi","status":"publish","type":"post","link":"https:\/\/www.egemtv.com\/?p=55188","title":{"rendered":"K\u00fctahyal\u0131 Elif Nur Karacan\u2019dan T\u00fcrkiye birincili\u011fi"},"content":{"rendered":"<p>K\u00fctahya Dumlup\u0131nar \u00dcniversitesi (DP\u00dc) E\u011fitim Fak\u00fcltesi S\u0131n\u0131f \u00d6\u011fretmenli\u011fi lisans program\u0131 mezunu Elif Nur Karacan, bu y\u0131l ilk kez d\u00fczenlenen Akademiye Giri\u015f S\u0131nav\u0131\u2019nda (AGS) b\u00fcy\u00fck bir ba\u015far\u0131ya imza atarak S\u0131n\u0131f \u00d6\u011fretmenli\u011fi alan\u0131nda T\u00fcrkiye birincisi oldu.<br \/>\n<br \/>2024-2025 akademik y\u0131l\u0131nda DP\u00dc\u2019den mezun olan Karacan, 13 Temmuz 2025\u2019te yap\u0131lan AGS\u2019de MEB-AGS-P2-11 puan t\u00fcr\u00fcnde 90,82493 puan alarak 15 bin 661 aday aras\u0131nda T\u00fcrkiye 1\u2019incili\u011fi elde etti.<br \/>\n<br \/>DP\u00dc E\u011fitim Fak\u00fcltesi\u2019nden yap\u0131lan a\u00e7\u0131klamada, &#8220;\u00d6\u011frencilerimize nitelikli akademik e\u011fitim ile bilimsel ve sosyal imkanlar\u0131 sunma gayretimizin, mezunumuz Elif Nur Karacan\u2019\u0131n ba\u015far\u0131s\u0131yla ta\u00e7lanmas\u0131ndan b\u00fcy\u00fck mutluluk duyuyor, \u00f6\u011frencimize kariyerinde ba\u015far\u0131lar diliyoruz&#8221; ifadelerine yer verildi.<br \/><\/p>\n","protected":false},"excerpt":{"rendered":"<p>K\u00fctahya Dumlup\u0131nar \u00dcniversitesi (DP\u00dc) E\u011fitim Fak\u00fcltesi S\u0131n\u0131f \u00d6\u011fretmenli\u011fi lisans program\u0131 mezunu Elif Nur Karacan, bu y\u0131l ilk kez d\u00fczenlenen Akademiye Giri\u015f S\u0131nav\u0131\u2019nda (AGS) b\u00fcy\u00fck bir ba\u015far\u0131ya imza atarak S\u0131n\u0131f \u00d6\u011fretmenli\u011fi alan\u0131nda T\u00fcrkiye birincisi oldu. 2024-2025 akademik y\u0131l\u0131nda DP\u00dc\u2019den mezun olan Karacan, 13 Temmuz 2025\u2019te yap\u0131lan AGS\u2019de MEB-AGS-P2-11 puan t\u00fcr\u00fcnde 90,82493 puan alarak 15 bin 661&#8230;<\/p>\n","protected":false},"author":1,"featured_media":55189,"comment_status":"open","ping_status":"open","sticky":false,"template":"","format":"standard","meta":{"_crdt_document":"","footnotes":""},"categories":[1],"tags":[],"class_list":["post-55188","post","type-post","status-publish","format-standard","has-post-thumbnail","hentry","category-guncel"],"_links":{"self":[{"href":"https:\/\/www.egemtv.com\/index.php?rest_route=\/wp\/v2\/posts\/55188","targetHints":{"allow":["GET"]}}],"collection":[{"href":"https:\/\/www.egemtv.com\/index.php?rest_route=\/wp\/v2\/posts"}],"about":[{"href":"https:\/\/www.egemtv.com\/index.php?rest_route=\/wp\/v2\/types\/post"}],"author":[{"embeddable":true,"href":"https:\/\/www.egemtv.com\/index.php?rest_route=\/wp\/v2\/users\/1"}],"replies":[{"embeddable":true,"href":"https:\/\/www.egemtv.com\/index.php?rest_route=%2Fwp%2Fv2%2Fcomments&post=55188"}],"version-history":[{"count":1,"href":"https:\/\/www.egemtv.com\/index.php?rest_route=\/wp\/v2\/posts\/55188\/revisions"}],"predecessor-version":[{"id":55190,"href":"https:\/\/www.egemtv.com\/index.php?rest_route=\/wp\/v2\/posts\/55188\/revisions\/55190"}],"wp:featuredmedia":[{"embeddable":true,"href":"https:\/\/www.egemtv.com\/index.php?rest_route=\/wp\/v2\/media\/55189"}],"wp:attachment":[{"href":"https:\/\/www.egemtv.com\/index.php?rest_route=%2Fwp%2Fv2%2Fmedia&parent=55188"}],"wp:term":[{"taxonomy":"category","embeddable":true,"href":"https:\/\/www.egemtv.com\/index.php?rest_route=%2Fwp%2Fv2%2Fcategories&post=55188"},{"taxonomy":"post_tag","embeddable":true,"href":"https:\/\/www.egemtv.com\/index.php?rest_route=%2Fwp%2Fv2%2Ftags&post=55188"}],"curies":[{"name":"wp","href":"https:\/\/api.w.org\/{rel}","templated":true}]}}