{"id":55185,"date":"2025-09-16T12:15:03","date_gmt":"2025-09-16T09:15:03","guid":{"rendered":"https:\/\/www.egemtv.com\/?p=55185"},"modified":"2025-09-16T12:15:04","modified_gmt":"2025-09-16T09:15:04","slug":"halitpasada-ari-olumleri-inceleme-altinda","status":"publish","type":"post","link":"https:\/\/www.egemtv.com\/?p=55185","title":{"rendered":"Halitpa\u015fa\u2019da ar\u0131 \u00f6l\u00fcmleri inceleme alt\u0131nda"},"content":{"rendered":"<p>Manisa\u2019n\u0131n Sar\u0131g\u00f6l il\u00e7esine ba\u011fl\u0131 Halitpa\u015fa Mahallesi\u2019nde ya\u015fanan ar\u0131 \u00f6l\u00fcmleri \u00fczerine \u0130l\u00e7e Tar\u0131m ve Orman M\u00fcd\u00fcrl\u00fc\u011f\u00fc inceleme ba\u015flatt\u0131. \u0130lk g\u00f6zlemlerde ar\u0131lar\u0131n zehirlendi\u011fi tespit edildi.<br \/>\n<br \/>Manisa\u2019n\u0131n Sar\u0131g\u00f6l il\u00e7esi Halitpa\u015fa Mahallesi\u2019nde \u00e7ok say\u0131da ar\u0131n\u0131n \u00f6lmesi \u00fczerine \u0130l\u00e7e Tar\u0131m ve Orman M\u00fcd\u00fcrl\u00fc\u011f\u00fc ekipleri b\u00f6lgede inceleme ger\u00e7ekle\u015ftirdi. Yap\u0131lan ilk tespitlerde ar\u0131lar\u0131n zehirlendi\u011fi ve kovanlarda b\u00fcy\u00fck oranda ar\u0131 kayb\u0131 oldu\u011fu belirlendi. Yetkililer taraf\u0131ndan gerekli numuneler al\u0131n\u0131rken, kesin sonu\u00e7lar\u0131n laboratuvar incelemeleri sonras\u0131 netle\u015fece\u011fi ifade edildi.<br \/>\n<br \/>\u0130l\u00e7e Tar\u0131m ve Orman M\u00fcd\u00fcrl\u00fc\u011f\u00fc yetkilileri, tar\u0131msal \u00fcretimin bitkisel ve hayvanc\u0131l\u0131k olarak birbirini tamamlayan unsurlar oldu\u011funa dikkat \u00e7ekerek, \u00e7ift\u00e7ilerin tar\u0131msal ila\u00e7lamalar\u0131n\u0131 ak\u015fam saatlerinde yapmalar\u0131n\u0131n bu t\u00fcr kay\u0131plar\u0131 \u00f6nlemek a\u00e7\u0131s\u0131ndan b\u00fcy\u00fck \u00f6nem ta\u015f\u0131d\u0131\u011f\u0131n\u0131 vurgulad\u0131.<br \/><\/p>\n","protected":false},"excerpt":{"rendered":"<p>Manisa\u2019n\u0131n Sar\u0131g\u00f6l il\u00e7esine ba\u011fl\u0131 Halitpa\u015fa Mahallesi\u2019nde ya\u015fanan ar\u0131 \u00f6l\u00fcmleri \u00fczerine \u0130l\u00e7e Tar\u0131m ve Orman M\u00fcd\u00fcrl\u00fc\u011f\u00fc inceleme ba\u015flatt\u0131. \u0130lk g\u00f6zlemlerde ar\u0131lar\u0131n zehirlendi\u011fi tespit edildi. Manisa\u2019n\u0131n Sar\u0131g\u00f6l il\u00e7esi Halitpa\u015fa Mahallesi\u2019nde \u00e7ok say\u0131da ar\u0131n\u0131n \u00f6lmesi \u00fczerine \u0130l\u00e7e Tar\u0131m ve Orman M\u00fcd\u00fcrl\u00fc\u011f\u00fc ekipleri b\u00f6lgede inceleme ger\u00e7ekle\u015ftirdi. Yap\u0131lan ilk tespitlerde ar\u0131lar\u0131n zehirlendi\u011fi ve kovanlarda b\u00fcy\u00fck oranda ar\u0131 kayb\u0131 oldu\u011fu belirlendi&#8230;.<\/p>\n","protected":false},"author":1,"featured_media":55186,"comment_status":"open","ping_status":"open","sticky":false,"template":"","format":"standard","meta":{"_crdt_document":"","footnotes":""},"categories":[5],"tags":[],"class_list":["post-55185","post","type-post","status-publish","format-standard","has-post-thumbnail","hentry","category-asayis"],"_links":{"self":[{"href":"https:\/\/www.egemtv.com\/index.php?rest_route=\/wp\/v2\/posts\/55185","targetHints":{"allow":["GET"]}}],"collection":[{"href":"https:\/\/www.egemtv.com\/index.php?rest_route=\/wp\/v2\/posts"}],"about":[{"href":"https:\/\/www.egemtv.com\/index.php?rest_route=\/wp\/v2\/types\/post"}],"author":[{"embeddable":true,"href":"https:\/\/www.egemtv.com\/index.php?rest_route=\/wp\/v2\/users\/1"}],"replies":[{"embeddable":true,"href":"https:\/\/www.egemtv.com\/index.php?rest_route=%2Fwp%2Fv2%2Fcomments&post=55185"}],"version-history":[{"count":1,"href":"https:\/\/www.egemtv.com\/index.php?rest_route=\/wp\/v2\/posts\/55185\/revisions"}],"predecessor-version":[{"id":55187,"href":"https:\/\/www.egemtv.com\/index.php?rest_route=\/wp\/v2\/posts\/55185\/revisions\/55187"}],"wp:featuredmedia":[{"embeddable":true,"href":"https:\/\/www.egemtv.com\/index.php?rest_route=\/wp\/v2\/media\/55186"}],"wp:attachment":[{"href":"https:\/\/www.egemtv.com\/index.php?rest_route=%2Fwp%2Fv2%2Fmedia&parent=55185"}],"wp:term":[{"taxonomy":"category","embeddable":true,"href":"https:\/\/www.egemtv.com\/index.php?rest_route=%2Fwp%2Fv2%2Fcategories&post=55185"},{"taxonomy":"post_tag","embeddable":true,"href":"https:\/\/www.egemtv.com\/index.php?rest_route=%2Fwp%2Fv2%2Ftags&post=55185"}],"curies":[{"name":"wp","href":"https:\/\/api.w.org\/{rel}","templated":true}]}}