{"id":55182,"date":"2025-09-16T12:15:02","date_gmt":"2025-09-16T09:15:02","guid":{"rendered":"https:\/\/www.egemtv.com\/?p=55182"},"modified":"2025-09-16T12:15:03","modified_gmt":"2025-09-16T09:15:03","slug":"mugla-buyuksehir-ve-gekadan-kadin-girisimcilere-destek","status":"publish","type":"post","link":"https:\/\/www.egemtv.com\/?p=55182","title":{"rendered":"Mu\u011fla B\u00fcy\u00fck\u015fehir ve GEKA\u2019dan kad\u0131n giri\u015fimcilere destek"},"content":{"rendered":"<p>Mu\u011fla B\u00fcy\u00fck\u015fehir Belediyesi, kad\u0131n giri\u015fimcili\u011fini desteklemek ve dijital d\u00f6n\u00fc\u015f\u00fcm\u00fc te\u015fvik etmek amac\u0131yla \u00f6nemli bir projeye imza att\u0131. B\u00fcy\u00fck\u015fehir Belediyesi, G\u00fcney Ege B\u00f6lge Plan\u0131 vizyonu \u00e7er\u00e7evesinde kurumsal ve yerel kapasiteyi geli\u015ftirme odakl\u0131 destek sa\u011flamak amac\u0131yla GEKA taraf\u0131ndan ba\u015flat\u0131lan Teknik Destek Program\u0131 kapsam\u0131nda &#8220;Kad\u0131nlar D\u00f6n\u00fc\u015f\u00fcyor Toplum De\u011fi\u015fiyor E-Ticaret E\u011fitim Program\u0131&#8221; projesi ile hibe almaya hak kazand\u0131.<br \/>\n<br \/>Yerel kapasiteyi geli\u015ftirmeye y\u00f6nelik proje<br \/>\n<br \/>Mu\u011fla B\u00fcy\u00fck\u015fehir Belediyesi D\u0131\u015f \u0130li\u015fkiler Dairesi Ba\u015fkanl\u0131\u011f\u0131 ile Kad\u0131n ve Aile Hizmetleri Dairesi Ba\u015fkanl\u0131\u011f\u0131 koordinasyonunda haz\u0131rlanan &#8220;Kad\u0131nlar D\u00f6n\u00fc\u015f\u00fcyor Toplum De\u011fi\u015fiyor E-Ticaret E\u011fitim Program\u0131&#8221; projesi kad\u0131n giri\u015fimcili\u011finin desteklenmesi ve dijital d\u00f6n\u00fc\u015f\u00fcm\u00fcn te\u015fvik edilmesi amac\u0131yla tasarland\u0131.<br \/>\n<br \/>Kad\u0131nlar E-Ticarete ad\u0131m at\u0131yor<br \/>\n<br \/>Ba\u015far\u0131l\u0131 bulunan proje kapsam\u0131nda Mente\u015fe\u2019nin Ye\u015filyurt Mahallesinde bulunan Kad\u0131n Ya\u015fam Merkezinde meslek edindirme at\u00f6lyelerini tamamlayan kad\u0131nlara y\u00f6nelik e-sat\u0131\u015f, e-ticaret ve dijital giri\u015fimcilik konular\u0131nda kapsaml\u0131 e\u011fitim verilecek.<br \/>\n<br \/>Dijital giri\u015fimcilik ve e-sat\u0131\u015f e\u011fitimi verilecek<br \/>\n<br \/>Program ile hedef kitlenin internette sat\u0131\u015f yapmas\u0131n\u0131n sa\u011flanmas\u0131, nitelikli insan kayna\u011f\u0131n\u0131n art\u0131r\u0131lmas\u0131, daha fazla kad\u0131n giri\u015fimcinin dijital mecralarda e-ticarete ba\u015flamas\u0131 ve bu yolla b\u00f6lgesel kalk\u0131nman\u0131n desteklenmesi hedefleniyor. E\u011fitim program\u0131 tamamland\u0131\u011f\u0131nda kat\u0131l\u0131mc\u0131 kad\u0131nlar\u0131n e-ticaret platformlar\u0131nda kendi i\u015fletmelerini kurmalar\u0131 ve s\u00fcrd\u00fcr\u00fclebilir gelir elde etmeleri ama\u00e7lan\u0131yor.<br \/>\n<br \/>Ba\u015fkan Aras: &#8220;Kad\u0131nlar\u0131n donan\u0131m kazanmalar\u0131n\u0131 sa\u011flayaca\u011f\u0131z&#8221;<br \/>\n<br \/>K\u0131y\u0131 Ege Belediyeler Birli\u011fi ve Mu\u011fla B\u00fcy\u00fck\u015fehir Belediye Ba\u015fkan\u0131 Ahmet Aras, &#8220;Kad\u0131nlar\u0131n \u00fcretimde, ticarette ve giri\u015fimcilikte daha fazla yer almas\u0131, toplumun her alan\u0131nda kalk\u0131nmay\u0131 h\u0131zland\u0131ran en \u00f6nemli unsurlardan biridir. Dijitalle\u015fmenin h\u0131zla artt\u0131\u011f\u0131 g\u00fcn\u00fcm\u00fczde e-ticaret, kad\u0131nlar\u0131m\u0131z\u0131n ekonomik hayata kat\u0131l\u0131m\u0131 i\u00e7in b\u00fcy\u00fck f\u0131rsatlar sunuyor. Kad\u0131n Ya\u015fam Merkezlerimizde meslek edindirme at\u00f6lyelerini ba\u015far\u0131yla tamamlayan kad\u0131nlar\u0131n bu e\u011fitim program\u0131yla dijital giri\u015fimcilik alan\u0131nda da donan\u0131m kazanmalar\u0131n\u0131 sa\u011flayaca\u011f\u0131z. Bu sayede hem kad\u0131nlar\u0131m\u0131z\u0131n ekonomik ba\u011f\u0131ms\u0131zl\u0131klar\u0131n\u0131 g\u00fc\u00e7lendirecek hem de \u015fehrimizin dijital d\u00f6n\u00fc\u015f\u00fcm s\u00fcrecine katk\u0131da bulunaca\u011f\u0131z. Kad\u0131nlar\u0131n de\u011fi\u015fimiyle toplumun da de\u011fi\u015fece\u011fine inan\u0131yor, bu d\u00f6n\u00fc\u015f\u00fcme \u00f6nc\u00fcl\u00fck etmekten gurur duyuyoruz&#8221; dedi.<br \/><\/p>\n","protected":false},"excerpt":{"rendered":"<p>Mu\u011fla B\u00fcy\u00fck\u015fehir Belediyesi, kad\u0131n giri\u015fimcili\u011fini desteklemek ve dijital d\u00f6n\u00fc\u015f\u00fcm\u00fc te\u015fvik etmek amac\u0131yla \u00f6nemli bir projeye imza att\u0131. B\u00fcy\u00fck\u015fehir Belediyesi, G\u00fcney Ege B\u00f6lge Plan\u0131 vizyonu \u00e7er\u00e7evesinde kurumsal ve yerel kapasiteyi geli\u015ftirme odakl\u0131 destek sa\u011flamak amac\u0131yla GEKA taraf\u0131ndan ba\u015flat\u0131lan Teknik Destek Program\u0131 kapsam\u0131nda &#8220;Kad\u0131nlar D\u00f6n\u00fc\u015f\u00fcyor Toplum De\u011fi\u015fiyor E-Ticaret E\u011fitim Program\u0131&#8221; projesi ile hibe almaya hak kazand\u0131. Yerel&#8230;<\/p>\n","protected":false},"author":1,"featured_media":55183,"comment_status":"open","ping_status":"open","sticky":false,"template":"","format":"standard","meta":{"_crdt_document":"","footnotes":""},"categories":[125],"tags":[],"class_list":["post-55182","post","type-post","status-publish","format-standard","has-post-thumbnail","hentry","category-ekonomi"],"_links":{"self":[{"href":"https:\/\/www.egemtv.com\/index.php?rest_route=\/wp\/v2\/posts\/55182","targetHints":{"allow":["GET"]}}],"collection":[{"href":"https:\/\/www.egemtv.com\/index.php?rest_route=\/wp\/v2\/posts"}],"about":[{"href":"https:\/\/www.egemtv.com\/index.php?rest_route=\/wp\/v2\/types\/post"}],"author":[{"embeddable":true,"href":"https:\/\/www.egemtv.com\/index.php?rest_route=\/wp\/v2\/users\/1"}],"replies":[{"embeddable":true,"href":"https:\/\/www.egemtv.com\/index.php?rest_route=%2Fwp%2Fv2%2Fcomments&post=55182"}],"version-history":[{"count":1,"href":"https:\/\/www.egemtv.com\/index.php?rest_route=\/wp\/v2\/posts\/55182\/revisions"}],"predecessor-version":[{"id":55184,"href":"https:\/\/www.egemtv.com\/index.php?rest_route=\/wp\/v2\/posts\/55182\/revisions\/55184"}],"wp:featuredmedia":[{"embeddable":true,"href":"https:\/\/www.egemtv.com\/index.php?rest_route=\/wp\/v2\/media\/55183"}],"wp:attachment":[{"href":"https:\/\/www.egemtv.com\/index.php?rest_route=%2Fwp%2Fv2%2Fmedia&parent=55182"}],"wp:term":[{"taxonomy":"category","embeddable":true,"href":"https:\/\/www.egemtv.com\/index.php?rest_route=%2Fwp%2Fv2%2Fcategories&post=55182"},{"taxonomy":"post_tag","embeddable":true,"href":"https:\/\/www.egemtv.com\/index.php?rest_route=%2Fwp%2Fv2%2Ftags&post=55182"}],"curies":[{"name":"wp","href":"https:\/\/api.w.org\/{rel}","templated":true}]}}