{"id":5517,"date":"2025-01-09T10:40:53","date_gmt":"2025-01-09T07:40:53","guid":{"rendered":"https:\/\/www.egemtv.com\/?p=5517"},"modified":"2025-01-09T10:41:03","modified_gmt":"2025-01-09T07:41:03","slug":"hem-dogaya-katki-hem-estetik-gorunum","status":"publish","type":"post","link":"https:\/\/www.egemtv.com\/?p=5517","title":{"rendered":"Hem do\u011faya katk\u0131 hem estetik g\u00f6r\u00fcn\u00fcm"},"content":{"rendered":"<p>Yunusemre Belediyesi, Kaynak Mahallesi\u2019nde kapsaml\u0131 peyzaj ve park bak\u0131m \u00e7al\u0131\u015fmalar\u0131n\u0131 s\u00fcrd\u00fcr\u00fcyor. \u00d6zellikle do\u011fadaki k\u0131s\u0131tl\u0131 su kaynaklar\u0131 sebebiyle yer yer kuru peyzaj \u00e7al\u0131\u015fmas\u0131 da yapan belediye ekipleri, mahalleye estetik bir g\u00f6r\u00fcn\u00fcm de kazand\u0131r\u0131yor.<br \/>\n<br \/>Yunusemre\u2019yi daha ya\u015fanabilir bir il\u00e7eye d\u00f6n\u00fc\u015ft\u00fcrme \u00e7al\u0131\u015fmalar\u0131n\u0131 s\u00fcrd\u00fcren Yunusemre Belediyesi,  il\u00e7e genelinde kapsaml\u0131 park bak\u0131m, onar\u0131m ve peyzaj \u00e7al\u0131\u015fmas\u0131 yap\u0131yor. Belediye Park ve Bah\u00e7eler M\u00fcd\u00fcrl\u00fc\u011f\u00fc ekipleri taraf\u0131ndan yap\u0131lan saha \u00e7al\u0131\u015fmalar\u0131n\u0131n devam etti\u011fi mahallelerden biri de Kaynak Mahallesi. Do\u011fadaki k\u0131s\u0131tl\u0131 su kaynaklar\u0131 sebebiyle su tasarrufu sa\u011flamak amac\u0131yla il\u00e7e genelinde oldu\u011fu gibi Kaynak Mahallesi\u2019nde de yer yer kuru peyzaj \u00e7al\u0131\u015fmas\u0131 ger\u00e7ekle\u015ftiriliyor. \u00c7e\u015fitli s\u00fcslemelerle yap\u0131lan peyzaj \u00e7al\u0131\u015fmas\u0131n\u0131n yan\u0131 s\u0131ra mahallede park bak\u0131m ve onar\u0131m, a\u011fa\u00e7 ve \u00e7im ekimi de yap\u0131l\u0131yor.<br \/>\n<br \/>Muhtardan Ba\u015fkan Balaban\u2019a te\u015fekk\u00fcr<br \/>\n<br \/>Belediyenin mahalleye kazand\u0131rd\u0131\u011f\u0131 \u00e7al\u0131\u015fmalardan duydu\u011fu memnuniyeti dile getiren Kaynak Mahallesi Muhtar\u0131 Adem A\u00e7\u0131k, Yunusemre Belediyesi\u2019ne te\u015fekk\u00fcr etti. A\u00e7\u0131k a\u00e7\u0131klamas\u0131nda, \u201cMahallemize t\u00fcm bu ye\u015fil alanlar\u0131 ve peyzaj \u00e7al\u0131\u015fmalar\u0131n\u0131 kazand\u0131rarak, mahallemizin daha da g\u00fczelle\u015fmesine katk\u0131da bulunan ba\u015fta Ba\u015fkan Semih Balaban olmak \u00fczere t\u00fcm Park ve Bah\u00e7eler M\u00fcd\u00fcrl\u00fc\u011f\u00fc ekiplerine de \u00e7ok te\u015fekk\u00fcr ederim\u201d dedi.<br \/>\n<br \/><img fetchpriority=\"high\" decoding=\"async\" width=\"1280\" height=\"853\" src=\"https:\/\/www.egemtv.com\/wp-content\/uploads\/2025\/01\/hem-dogaya-katki-hem-estetik-gorunum_dfac1ed0e373.jpg\" class=\"attachment-full size-full not-transparent\" alt=\"\" data-has-transparency=\"false\" data-dominant-color=\"7b7c7c\" style=\"--dominant-color: #7b7c7c\" \/><img decoding=\"async\" width=\"1280\" height=\"853\" src=\"https:\/\/www.egemtv.com\/wp-content\/uploads\/2025\/01\/hem-dogaya-katki-hem-estetik-gorunum_564916e6c6dc.jpg\" class=\"attachment-full size-full not-transparent\" alt=\"\" data-has-transparency=\"false\" data-dominant-color=\"717775\" style=\"--dominant-color: #717775\" \/><img decoding=\"async\" width=\"1280\" height=\"853\" src=\"https:\/\/www.egemtv.com\/wp-content\/uploads\/2025\/01\/hem-dogaya-katki-hem-estetik-gorunum_46465e656ef2.jpg\" class=\"attachment-full size-full not-transparent\" alt=\"\" data-has-transparency=\"false\" data-dominant-color=\"787773\" style=\"--dominant-color: #787773\" \/><img loading=\"lazy\" decoding=\"async\" width=\"1280\" height=\"853\" src=\"https:\/\/www.egemtv.com\/wp-content\/uploads\/2025\/01\/hem-dogaya-katki-hem-estetik-gorunum_579c07372620.jpg\" class=\"attachment-full size-full not-transparent\" alt=\"\" data-has-transparency=\"false\" data-dominant-color=\"797370\" style=\"--dominant-color: #797370\" \/><img loading=\"lazy\" decoding=\"async\" width=\"1280\" height=\"853\" src=\"https:\/\/www.egemtv.com\/wp-content\/uploads\/2025\/01\/hem-dogaya-katki-hem-estetik-gorunum_4748d92c9d1e.jpg\" class=\"attachment-full size-full not-transparent\" alt=\"\" data-has-transparency=\"false\" data-dominant-color=\"6d6b6c\" style=\"--dominant-color: #6d6b6c\" \/><img loading=\"lazy\" decoding=\"async\" width=\"1280\" height=\"853\" src=\"https:\/\/www.egemtv.com\/wp-content\/uploads\/2025\/01\/hem-dogaya-katki-hem-estetik-gorunum_f53937e7e1d5.jpg\" class=\"attachment-full size-full not-transparent\" alt=\"\" data-has-transparency=\"false\" data-dominant-color=\"8e8c87\" style=\"--dominant-color: #8e8c87\" \/><\/p>\n","protected":false},"excerpt":{"rendered":"<p>Yunusemre Belediyesi, Kaynak Mahallesi\u2019nde kapsaml\u0131 peyzaj ve park bak\u0131m \u00e7al\u0131\u015fmalar\u0131n\u0131 s\u00fcrd\u00fcr\u00fcyor. \u00d6zellikle do\u011fadaki k\u0131s\u0131tl\u0131 su kaynaklar\u0131 sebebiyle yer yer kuru peyzaj \u00e7al\u0131\u015fmas\u0131 da yapan belediye ekipleri, mahalleye estetik bir g\u00f6r\u00fcn\u00fcm de kazand\u0131r\u0131yor. Yunusemre\u2019yi daha ya\u015fanabilir bir il\u00e7eye d\u00f6n\u00fc\u015ft\u00fcrme \u00e7al\u0131\u015fmalar\u0131n\u0131 s\u00fcrd\u00fcren Yunusemre Belediyesi, il\u00e7e genelinde kapsaml\u0131 park bak\u0131m, onar\u0131m ve peyzaj \u00e7al\u0131\u015fmas\u0131 yap\u0131yor. Belediye Park ve&#8230;<\/p>\n","protected":false},"author":1,"featured_media":5518,"comment_status":"open","ping_status":"open","sticky":false,"template":"","format":"standard","meta":{"_crdt_document":"","footnotes":""},"categories":[1],"tags":[],"class_list":["post-5517","post","type-post","status-publish","format-standard","has-post-thumbnail","hentry","category-guncel"],"_links":{"self":[{"href":"https:\/\/www.egemtv.com\/index.php?rest_route=\/wp\/v2\/posts\/5517","targetHints":{"allow":["GET"]}}],"collection":[{"href":"https:\/\/www.egemtv.com\/index.php?rest_route=\/wp\/v2\/posts"}],"about":[{"href":"https:\/\/www.egemtv.com\/index.php?rest_route=\/wp\/v2\/types\/post"}],"author":[{"embeddable":true,"href":"https:\/\/www.egemtv.com\/index.php?rest_route=\/wp\/v2\/users\/1"}],"replies":[{"embeddable":true,"href":"https:\/\/www.egemtv.com\/index.php?rest_route=%2Fwp%2Fv2%2Fcomments&post=5517"}],"version-history":[{"count":1,"href":"https:\/\/www.egemtv.com\/index.php?rest_route=\/wp\/v2\/posts\/5517\/revisions"}],"predecessor-version":[{"id":5525,"href":"https:\/\/www.egemtv.com\/index.php?rest_route=\/wp\/v2\/posts\/5517\/revisions\/5525"}],"wp:featuredmedia":[{"embeddable":true,"href":"https:\/\/www.egemtv.com\/index.php?rest_route=\/wp\/v2\/media\/5518"}],"wp:attachment":[{"href":"https:\/\/www.egemtv.com\/index.php?rest_route=%2Fwp%2Fv2%2Fmedia&parent=5517"}],"wp:term":[{"taxonomy":"category","embeddable":true,"href":"https:\/\/www.egemtv.com\/index.php?rest_route=%2Fwp%2Fv2%2Fcategories&post=5517"},{"taxonomy":"post_tag","embeddable":true,"href":"https:\/\/www.egemtv.com\/index.php?rest_route=%2Fwp%2Fv2%2Ftags&post=5517"}],"curies":[{"name":"wp","href":"https:\/\/api.w.org\/{rel}","templated":true}]}}