{"id":55161,"date":"2025-09-16T11:34:52","date_gmt":"2025-09-16T08:34:52","guid":{"rendered":"https:\/\/www.egemtv.com\/?p=55161"},"modified":"2025-09-16T11:34:53","modified_gmt":"2025-09-16T08:34:53","slug":"buharkentte-40-kok-kenevir-ele-gecirildi","status":"publish","type":"post","link":"https:\/\/www.egemtv.com\/?p=55161","title":{"rendered":"Buharkent\u2019te 40 k\u00f6k kenevir ele ge\u00e7irildi"},"content":{"rendered":"<p>Ayd\u0131n\u2019\u0131n Buharkent il\u00e7esinde ormanl\u0131k alan i\u00e7erisinde 40 k\u00f6k kenevir ele ge\u00e7irilirken, \u015f\u00fcpheli \u015fah\u0131slar hakk\u0131nda adli i\u015flem ba\u015flat\u0131ld\u0131.<br \/>\n<br \/>Buharkent \u0130l\u00e7e Jandarma Komutanl\u0131\u011f\u0131 taraf\u0131ndan istihbarat bilgisi do\u011frultusunda, Buharkent G\u00fcneydo\u011fu Mahallesi\u2019nde bulunan ormanl\u0131k alanda izinsiz kenevir ekimi yap\u0131ld\u0131\u011f\u0131 tespit edildi. Yap\u0131lan aramada 40 k\u00f6k kenevir ele ge\u00e7irilirken, \u015f\u00fcpheli 5 \u015fah\u0131s hakk\u0131nda adli i\u015flem ba\u015flat\u0131ld\u0131\u011f\u0131 \u00f6\u011frenildi.<br \/><\/p>\n","protected":false},"excerpt":{"rendered":"<p>Ayd\u0131n\u2019\u0131n Buharkent il\u00e7esinde ormanl\u0131k alan i\u00e7erisinde 40 k\u00f6k kenevir ele ge\u00e7irilirken, \u015f\u00fcpheli \u015fah\u0131slar hakk\u0131nda adli i\u015flem ba\u015flat\u0131ld\u0131. Buharkent \u0130l\u00e7e Jandarma Komutanl\u0131\u011f\u0131 taraf\u0131ndan istihbarat bilgisi do\u011frultusunda, Buharkent G\u00fcneydo\u011fu Mahallesi\u2019nde bulunan ormanl\u0131k alanda izinsiz kenevir ekimi yap\u0131ld\u0131\u011f\u0131 tespit edildi. Yap\u0131lan aramada 40 k\u00f6k kenevir ele ge\u00e7irilirken, \u015f\u00fcpheli 5 \u015fah\u0131s hakk\u0131nda adli i\u015flem ba\u015flat\u0131ld\u0131\u011f\u0131 \u00f6\u011frenildi.<\/p>\n","protected":false},"author":1,"featured_media":55162,"comment_status":"open","ping_status":"open","sticky":false,"template":"","format":"standard","meta":{"_crdt_document":"","footnotes":""},"categories":[5],"tags":[],"class_list":["post-55161","post","type-post","status-publish","format-standard","has-post-thumbnail","hentry","category-asayis"],"_links":{"self":[{"href":"https:\/\/www.egemtv.com\/index.php?rest_route=\/wp\/v2\/posts\/55161","targetHints":{"allow":["GET"]}}],"collection":[{"href":"https:\/\/www.egemtv.com\/index.php?rest_route=\/wp\/v2\/posts"}],"about":[{"href":"https:\/\/www.egemtv.com\/index.php?rest_route=\/wp\/v2\/types\/post"}],"author":[{"embeddable":true,"href":"https:\/\/www.egemtv.com\/index.php?rest_route=\/wp\/v2\/users\/1"}],"replies":[{"embeddable":true,"href":"https:\/\/www.egemtv.com\/index.php?rest_route=%2Fwp%2Fv2%2Fcomments&post=55161"}],"version-history":[{"count":1,"href":"https:\/\/www.egemtv.com\/index.php?rest_route=\/wp\/v2\/posts\/55161\/revisions"}],"predecessor-version":[{"id":55163,"href":"https:\/\/www.egemtv.com\/index.php?rest_route=\/wp\/v2\/posts\/55161\/revisions\/55163"}],"wp:featuredmedia":[{"embeddable":true,"href":"https:\/\/www.egemtv.com\/index.php?rest_route=\/wp\/v2\/media\/55162"}],"wp:attachment":[{"href":"https:\/\/www.egemtv.com\/index.php?rest_route=%2Fwp%2Fv2%2Fmedia&parent=55161"}],"wp:term":[{"taxonomy":"category","embeddable":true,"href":"https:\/\/www.egemtv.com\/index.php?rest_route=%2Fwp%2Fv2%2Fcategories&post=55161"},{"taxonomy":"post_tag","embeddable":true,"href":"https:\/\/www.egemtv.com\/index.php?rest_route=%2Fwp%2Fv2%2Ftags&post=55161"}],"curies":[{"name":"wp","href":"https:\/\/api.w.org\/{rel}","templated":true}]}}