{"id":55155,"date":"2025-09-16T11:34:49","date_gmt":"2025-09-16T08:34:49","guid":{"rendered":"https:\/\/www.egemtv.com\/?p=55155"},"modified":"2025-09-16T11:34:51","modified_gmt":"2025-09-16T08:34:51","slug":"suphe-uzerine-durdurulan-aracta-9-duzensiz-gocmen-yakalandi","status":"publish","type":"post","link":"https:\/\/www.egemtv.com\/?p=55155","title":{"rendered":"\u015e\u00fcphe \u00fczerine durdurulan ara\u00e7ta 9 d\u00fczensiz g\u00f6\u00e7men yakaland\u0131"},"content":{"rendered":"<p>Ayd\u0131n\u2019\u0131n S\u00f6ke il\u00e7esinde yol kontrol\u00fc esnas\u0131nda \u015f\u00fcphe \u00fczerine durdurulan ara\u00e7ta 9 d\u00fczensiz g\u00f6\u00e7men yakaland\u0131.<br \/>\n<br \/>Ayd\u0131n \u0130l Jandarma Komutanl\u0131\u011f\u0131nca g\u00f6\u00e7men ka\u00e7ak\u00e7\u0131l\u0131\u011f\u0131na kar\u015f\u0131 yap\u0131lan \u00e7al\u0131\u015fma sonucunda Bat\u0131 S\u00f6ke altge\u00e7idinde sabit yol kontrol noktas\u0131nda durdurulan ara\u00e7ta yasa d\u0131\u015f\u0131 yollarla T\u00fcrkiye\u2019ye  giren 4\u2019\u00fc \u00e7ocuk 9 d\u00fczensiz g\u00f6\u00e7men yakaland\u0131. D\u00fczensiz g\u00f6\u00e7menleri \u00fclkeye yasa d\u0131\u015f\u0131 yollarla getiren 3 \u015fah\u0131s g\u00f6zalt\u0131na al\u0131n\u0131rken, Cumhuriyet Ba\u015fsavc\u0131l\u0131\u011f\u0131nca olayla ilgili tahkikat ba\u015flat\u0131ld\u0131.<br \/><\/p>\n","protected":false},"excerpt":{"rendered":"<p>Ayd\u0131n\u2019\u0131n S\u00f6ke il\u00e7esinde yol kontrol\u00fc esnas\u0131nda \u015f\u00fcphe \u00fczerine durdurulan ara\u00e7ta 9 d\u00fczensiz g\u00f6\u00e7men yakaland\u0131. Ayd\u0131n \u0130l Jandarma Komutanl\u0131\u011f\u0131nca g\u00f6\u00e7men ka\u00e7ak\u00e7\u0131l\u0131\u011f\u0131na kar\u015f\u0131 yap\u0131lan \u00e7al\u0131\u015fma sonucunda Bat\u0131 S\u00f6ke altge\u00e7idinde sabit yol kontrol noktas\u0131nda durdurulan ara\u00e7ta yasa d\u0131\u015f\u0131 yollarla T\u00fcrkiye\u2019ye giren 4\u2019\u00fc \u00e7ocuk 9 d\u00fczensiz g\u00f6\u00e7men yakaland\u0131. D\u00fczensiz g\u00f6\u00e7menleri \u00fclkeye yasa d\u0131\u015f\u0131 yollarla getiren 3 \u015fah\u0131s g\u00f6zalt\u0131na al\u0131n\u0131rken,&#8230;<\/p>\n","protected":false},"author":1,"featured_media":55156,"comment_status":"open","ping_status":"open","sticky":false,"template":"","format":"standard","meta":{"_crdt_document":"","footnotes":""},"categories":[5],"tags":[],"class_list":["post-55155","post","type-post","status-publish","format-standard","has-post-thumbnail","hentry","category-asayis"],"_links":{"self":[{"href":"https:\/\/www.egemtv.com\/index.php?rest_route=\/wp\/v2\/posts\/55155","targetHints":{"allow":["GET"]}}],"collection":[{"href":"https:\/\/www.egemtv.com\/index.php?rest_route=\/wp\/v2\/posts"}],"about":[{"href":"https:\/\/www.egemtv.com\/index.php?rest_route=\/wp\/v2\/types\/post"}],"author":[{"embeddable":true,"href":"https:\/\/www.egemtv.com\/index.php?rest_route=\/wp\/v2\/users\/1"}],"replies":[{"embeddable":true,"href":"https:\/\/www.egemtv.com\/index.php?rest_route=%2Fwp%2Fv2%2Fcomments&post=55155"}],"version-history":[{"count":1,"href":"https:\/\/www.egemtv.com\/index.php?rest_route=\/wp\/v2\/posts\/55155\/revisions"}],"predecessor-version":[{"id":55157,"href":"https:\/\/www.egemtv.com\/index.php?rest_route=\/wp\/v2\/posts\/55155\/revisions\/55157"}],"wp:featuredmedia":[{"embeddable":true,"href":"https:\/\/www.egemtv.com\/index.php?rest_route=\/wp\/v2\/media\/55156"}],"wp:attachment":[{"href":"https:\/\/www.egemtv.com\/index.php?rest_route=%2Fwp%2Fv2%2Fmedia&parent=55155"}],"wp:term":[{"taxonomy":"category","embeddable":true,"href":"https:\/\/www.egemtv.com\/index.php?rest_route=%2Fwp%2Fv2%2Fcategories&post=55155"},{"taxonomy":"post_tag","embeddable":true,"href":"https:\/\/www.egemtv.com\/index.php?rest_route=%2Fwp%2Fv2%2Ftags&post=55155"}],"curies":[{"name":"wp","href":"https:\/\/api.w.org\/{rel}","templated":true}]}}